{"id":296194,"date":"2010-10-23T22:00:00","date_gmt":"2010-10-23T20:00:00","guid":{"rendered":"https:\/\/www.focolare.org\/enlove-the-charism-of-charismsesla-caridad-el-carisma-de-los-carismas-itla-carita-il-carisma-dei-carismipta-caridade-o-carisma-dos-carismas\/"},"modified":"2024-05-13T20:55:10","modified_gmt":"2024-05-13T18:55:10","slug":"enlove-the-charism-of-charismsesla-caridad-el-carisma-de-los-carismas-itla-carita-il-carisma-dei-carismipta-caridade-o-carisma-dos-carismas","status":"publish","type":"post","link":"https:\/\/www.focolare.org\/fr\/enlove-the-charism-of-charismsesla-caridad-el-carisma-de-los-carismas-itla-carita-il-carisma-dei-carismipta-caridade-o-carisma-dos-carismas\/","title":{"rendered":"[:en]Love, the charism of charisms[:es]La caridad. El carisma de los carismas.[:it]La carit\u00e0, il carisma dei carismi[:pt]A caridade, o carisma dos carismas"},"content":{"rendered":"<\/p>\n","protected":false},"excerpt":{"rendered":"<p>diez a\u00f1os del primer hist\u00f3rico encuentro entre la familia franciscana y los focolarinos, con Chiara Lubich presente, la comuni\u00f3n entre carismas antiguos y nuevos.<\/p>\n","protected":false},"author":33,"featured_media":0,"comment_status":"open","ping_status":"open","sticky":false,"template":"","format":"standard","meta":{"give_campaign_id":0,"_seopress_robots_primary_cat":"","_seopress_titles_title":"","_seopress_titles_desc":"","_seopress_robots_index":"","_et_pb_use_builder":"","_et_pb_old_content":"","_et_gb_content_width":"","footnotes":""},"categories":[47],"tags":[],"class_list":["post-296194","post","type-post","status-publish","format-standard","hentry","category-non-classifiee"],"_links":{"self":[{"href":"https:\/\/www.focolare.org\/fr\/wp-json\/wp\/v2\/posts\/296194","targetHints":{"allow":["GET"]}}],"collection":[{"href":"https:\/\/www.focolare.org\/fr\/wp-json\/wp\/v2\/posts"}],"about":[{"href":"https:\/\/www.focolare.org\/fr\/wp-json\/wp\/v2\/types\/post"}],"author":[{"embeddable":true,"href":"https:\/\/www.focolare.org\/fr\/wp-json\/wp\/v2\/users\/33"}],"replies":[{"embeddable":true,"href":"https:\/\/www.focolare.org\/fr\/wp-json\/wp\/v2\/comments?post=296194"}],"version-history":[{"count":0,"href":"https:\/\/www.focolare.org\/fr\/wp-json\/wp\/v2\/posts\/296194\/revisions"}],"wp:attachment":[{"href":"https:\/\/www.focolare.org\/fr\/wp-json\/wp\/v2\/media?parent=296194"}],"wp:term":[{"taxonomy":"category","embeddable":true,"href":"https:\/\/www.focolare.org\/fr\/wp-json\/wp\/v2\/categories?post=296194"},{"taxonomy":"post_tag","embeddable":true,"href":"https:\/\/www.focolare.org\/fr\/wp-json\/wp\/v2\/tags?post=296194"}],"curies":[{"name":"wp","href":"https:\/\/api.w.org\/{rel}","templated":true}]}}