{"id":296196,"date":"2010-10-22T22:00:00","date_gmt":"2010-10-22T20:00:00","guid":{"rendered":"https:\/\/www.focolare.org\/itprimo-vescovo-vietnamita-verso-la-santitaenfirst-vietnamese-bishop-moving-toward-sainthoodesprimer-obispo-vietnamita-hacia-la-santidadptprimeiro-bispo-vietnamita-no-caminho-da-santidade\/"},"modified":"2024-05-13T20:55:10","modified_gmt":"2024-05-13T18:55:10","slug":"itprimo-vescovo-vietnamita-verso-la-santitaenfirst-vietnamese-bishop-moving-toward-sainthoodesprimer-obispo-vietnamita-hacia-la-santidadptprimeiro-bispo-vietnamita-no-caminho-da-santidade","status":"publish","type":"post","link":"https:\/\/www.focolare.org\/fr\/itprimo-vescovo-vietnamita-verso-la-santitaenfirst-vietnamese-bishop-moving-toward-sainthoodesprimer-obispo-vietnamita-hacia-la-santidadptprimeiro-bispo-vietnamita-no-caminho-da-santidade\/","title":{"rendered":"[:it]Primo Vescovo vietnamita verso la santit\u00e0[:en]First Vietnamese bishop moving toward sainthood[:es]Primer obispo vietnamita hacia la santidad[:pt]Primeiro bispo vietnamita no caminho da santidade[:zh]\u70ba\u9996\u4f4d\u8d8a\u5357\u7c4d\u4e3b\u6559\u9032\u884c\u5ba3\u798f\u5217\u54c1\u7a0b\u5e8f"},"content":{"rendered":"<\/p>\n","protected":false},"excerpt":{"rendered":"<p>Inicia la apertura de la fase diocesana del Proceso de Beatificaci\u00f3n del recordado Cardenal vietnamita Fran\u00e7ois-Xavier Nguy\u00ean Van Thu\u00e2n<\/p>\n","protected":false},"author":34,"featured_media":0,"comment_status":"open","ping_status":"open","sticky":false,"template":"","format":"standard","meta":{"give_campaign_id":0,"_seopress_robots_primary_cat":"","_seopress_titles_title":"","_seopress_titles_desc":"","_seopress_robots_index":"","_et_pb_use_builder":"","_et_pb_old_content":"","_et_gb_content_width":"","footnotes":""},"categories":[47],"tags":[],"class_list":["post-296196","post","type-post","status-publish","format-standard","hentry","category-non-classifiee"],"_links":{"self":[{"href":"https:\/\/www.focolare.org\/fr\/wp-json\/wp\/v2\/posts\/296196","targetHints":{"allow":["GET"]}}],"collection":[{"href":"https:\/\/www.focolare.org\/fr\/wp-json\/wp\/v2\/posts"}],"about":[{"href":"https:\/\/www.focolare.org\/fr\/wp-json\/wp\/v2\/types\/post"}],"author":[{"embeddable":true,"href":"https:\/\/www.focolare.org\/fr\/wp-json\/wp\/v2\/users\/34"}],"replies":[{"embeddable":true,"href":"https:\/\/www.focolare.org\/fr\/wp-json\/wp\/v2\/comments?post=296196"}],"version-history":[{"count":0,"href":"https:\/\/www.focolare.org\/fr\/wp-json\/wp\/v2\/posts\/296196\/revisions"}],"wp:attachment":[{"href":"https:\/\/www.focolare.org\/fr\/wp-json\/wp\/v2\/media?parent=296196"}],"wp:term":[{"taxonomy":"category","embeddable":true,"href":"https:\/\/www.focolare.org\/fr\/wp-json\/wp\/v2\/categories?post=296196"},{"taxonomy":"post_tag","embeddable":true,"href":"https:\/\/www.focolare.org\/fr\/wp-json\/wp\/v2\/tags?post=296196"}],"curies":[{"name":"wp","href":"https:\/\/api.w.org\/{rel}","templated":true}]}}