{"id":296326,"date":"2003-01-19T23:00:00","date_gmt":"2003-01-19T22:00:00","guid":{"rendered":"https:\/\/www.focolare.org\/susciter-partout-des-pans-de-fraternite-en-vue-de-la-paix-entre-les-peuples-des-chretiens-et-des-hindous-sy-engagent-ensemble\/"},"modified":"2024-05-13T20:55:49","modified_gmt":"2024-05-13T18:55:49","slug":"susciter-partout-des-pans-de-fraternite-en-vue-de-la-paix-entre-les-peuples-des-chretiens-et-des-hindous-sy-engagent-ensemble","status":"publish","type":"post","link":"https:\/\/www.focolare.org\/fr\/susciter-partout-des-pans-de-fraternite-en-vue-de-la-paix-entre-les-peuples-des-chretiens-et-des-hindous-sy-engagent-ensemble\/","title":{"rendered":"Susciter partout des pans de fraternit\u00e9 en vue de la paix entre les peuples : des chr\u00e9tiens et des hindous s\u2019y engagent ensemble."},"content":{"rendered":"<p>&nbsp;  \u00a0Chiara Lubich a quitt\u00e9 l\u2019Inde, mais ses collaborateurs ont continu\u00e9 le voyage avec une \u00e9tape \u00e0 Coimbatore, dans le Tamil Nadu, et une autre \u00e0 Delhi, pour des rencontres avec le monde hindou et les \u00c9glises locales. <\/p>\n<p align=\"left\">Chiara Lubich en Inde<\/p>\n<p align=\"justify\"><img decoding=\"async\" src=\"http:\/\/10.0.0.128\/2010focolare\/layout\/foto2003\/20030113b.jpg\" alt=\"\" align=\"left\" border=\"0\" hspace=\"8\" \/>Un an apr\u00e8s la grande journ\u00e9e pour la paix du 24 janvier 2002 \u00e0 Assise (Italie), qui a r\u00e9uni autour du pape les responsables des grandes religions du monde, les rumeurs de guerre semblent prendre le pas sur les appels \u00e0 la paix. Cependant des signes \u00e0 contre-courant nous parviennent de l\u2019Inde, pays qui s\u2019est pourtant signal\u00e9 cette ann\u00e9e par une recrudescence de la violence entre hindous, chr\u00e9tiens et musulmans. A l\u2019occasion du voyage en Inde de Chiara Lubich et de ses collaborateurs, qui sont arriv\u00e9s le 4 janvier \u00e0 Bombay, le dialogue avec les institutions culturelles et sociales hindoues a permis de mettre en \u00e9vidence la fraternit\u00e9 universelle inscrite dans les racines de la culture indienne en m\u00eame temps que la tension mystique r\u00e9pandue dans cette culture si myst\u00e9rieuse.<\/p>\n<p align=\"justify\"><img decoding=\"async\" src=\"http:\/\/10.0.0.128\/2010focolare\/layout\/foto2003\/20030130b.jpg\" alt=\"\" align=\"right\" border=\"0\" hspace=\"8\" \/>La rencontre avec la Swadhyaya Family a permis de constater, avec une surprise r\u00e9ciproque, les nombreux \u00e9l\u00e9ments communs. Il s\u2019agit d\u2019un vaste mouvement hindou de 8 millions d\u2019adh\u00e9rents, fond\u00e9 par Shri Pandurang Shastri Athavale, connu sous le nom de Dada-ji (ma\u00eetre, fr\u00e8re a\u00een\u00e9). Celui-ci enseigne que Dieu r\u00e9side en tout \u00eatre humain et que l\u2019accomplissement de l\u2019unit\u00e9 spirituelle entra\u00eenera la r\u00e9solution des probl\u00e8mes mondiaux. Le premier contact entre le Mouvement des Focolari et la Swadhyaya Family avait eu lieu \u00e0 l\u2019occasion de la Journ\u00e9e pour la paix \u00e0 Assise, o\u00f9 les deux seules femmes qui ont pris la parole \u00e9taient Didi Talwakar, fille et h\u00e9riti\u00e8re spirituelle du fondateur de la Swadhyaya Family, et Chiara Lubich. Au cours de leur premi\u00e8re rencontre, \u00e0 Rocca di Papa, les deux femmes avaient d\u00e9couvert l\u2019extraordinaire consonance entre l\u2019esprit de la Swadhyaya Family et celui du Mouvement des Focolari et fait aussit\u00f4t l\u2019exp\u00e9rience d\u2019une grande fraternit\u00e9.  A Bombay se sont d\u00e9roul\u00e9es deux autres rencontres importantes qui ont permis d\u2019approfondir le dialogue commenc\u00e9 deux ans auparavant, lors du premier voyage de Chiara Lubich en Inde. La premi\u00e8re au Somaiya College, institut universitaire fort de 25 000 \u00e9tudiants et 30 facult\u00e9s et d\u00e9partements, une des institutions hindoues les plus engag\u00e9es dans le dialogue interreligieux. La seconde rencontre a eu lieu au Bharatiya Vidya Bhavan, centre culturel para universitaire qui compte une centaine d\u2019\u00e9tablissements en Inde et quinze \u00e0 l\u2019\u00e9tranger, et dont le but est la red\u00e9couverte des racines de la culture hindoue et son d\u00e9veloppement. Cet organisme regroupe \u00e0 la fois des hindous, des musulmans, des chr\u00e9tiens, des zoroastriens et des bouddhistes.  Chiara Lubich \u00e9tait arriv\u00e9e en Inde le 4 janvier et \u00e9tait all\u00e9e aussit\u00f4t rencontrer le cardinal Dias, archev\u00eaque de Bombay et son pr\u00e9d\u00e9cesseur le cardinal Simon Pimenta, afin de commencer son voyage en pleine communion avec l\u2019\u00c9glise locale. Le cardinal Dias l\u2019a invit\u00e9e \u00e0 porter son charisme d\u2019unit\u00e9 au clerg\u00e9, aux s\u00e9minaristes et aux religieux et religieuses du dioc\u00e8se, que Chiara Lubich a rencontr\u00e9s le 9 janvier. Il l\u2019avait aussi invit\u00e9e \u00e0 intervenir \u00e0 la troisi\u00e8me rencontre des mouvements d\u2019\u00c9glise qui ont entrepris un chemin de communion, le 12 janvier, devant 3 500 personnes repr\u00e9sentant seize mouvements et associations.  Chiara Lubich a quitt\u00e9 l\u2019Inde, mais ses collaborateurs ont continu\u00e9 le voyage avec une \u00e9tape \u00e0 Coimbatore, dans le Tamil Nadu, et une autre \u00e0 Delhi, pour des rencontres avec le monde hindou et les \u00c9glises locales.<\/p>\n<p> <span style=\"font-size: small\">  <\/span><\/p>\n","protected":false},"excerpt":{"rendered":"<p>Chiara Lubich en Inde<\/p>\n","protected":false},"author":34,"featured_media":0,"comment_status":"open","ping_status":"open","sticky":false,"template":"","format":"standard","meta":{"give_campaign_id":0,"_seopress_robots_primary_cat":"","_seopress_titles_title":"","_seopress_titles_desc":"","_seopress_robots_index":"","_et_pb_use_builder":"","_et_pb_old_content":"","_et_gb_content_width":"","footnotes":""},"categories":[47],"tags":[],"class_list":["post-296326","post","type-post","status-publish","format-standard","hentry","category-non-classifiee"],"_links":{"self":[{"href":"https:\/\/www.focolare.org\/fr\/wp-json\/wp\/v2\/posts\/296326","targetHints":{"allow":["GET"]}}],"collection":[{"href":"https:\/\/www.focolare.org\/fr\/wp-json\/wp\/v2\/posts"}],"about":[{"href":"https:\/\/www.focolare.org\/fr\/wp-json\/wp\/v2\/types\/post"}],"author":[{"embeddable":true,"href":"https:\/\/www.focolare.org\/fr\/wp-json\/wp\/v2\/users\/34"}],"replies":[{"embeddable":true,"href":"https:\/\/www.focolare.org\/fr\/wp-json\/wp\/v2\/comments?post=296326"}],"version-history":[{"count":0,"href":"https:\/\/www.focolare.org\/fr\/wp-json\/wp\/v2\/posts\/296326\/revisions"}],"wp:attachment":[{"href":"https:\/\/www.focolare.org\/fr\/wp-json\/wp\/v2\/media?parent=296326"}],"wp:term":[{"taxonomy":"category","embeddable":true,"href":"https:\/\/www.focolare.org\/fr\/wp-json\/wp\/v2\/categories?post=296326"},{"taxonomy":"post_tag","embeddable":true,"href":"https:\/\/www.focolare.org\/fr\/wp-json\/wp\/v2\/tags?post=296326"}],"curies":[{"name":"wp","href":"https:\/\/api.w.org\/{rel}","templated":true}]}}