{"id":296328,"date":"2003-01-21T23:00:00","date_gmt":"2003-01-21T22:00:00","guid":{"rendered":"https:\/\/www.focolare.org\/itmi-sentivo-sprofondare-nel-nulla-poi-la-forza-di-arrivare-alla-curaessentia-que-estaba-cayendo-en-la-nada-despues-la-fuerza-para-llegar-al-tratamientopteu-me-sentia-no-fundo-d\/"},"modified":"2024-05-13T20:55:49","modified_gmt":"2024-05-13T18:55:49","slug":"itmi-sentivo-sprofondare-nel-nulla-poi-la-forza-di-arrivare-alla-curaessentia-que-estaba-cayendo-en-la-nada-despues-la-fuerza-para-llegar-al-tratamientopteu-me-sentia-no-fundo-d","status":"publish","type":"post","link":"https:\/\/www.focolare.org\/fr\/itmi-sentivo-sprofondare-nel-nulla-poi-la-forza-di-arrivare-alla-curaessentia-que-estaba-cayendo-en-la-nada-despues-la-fuerza-para-llegar-al-tratamientopteu-me-sentia-no-fundo-d\/","title":{"rendered":"[:it]Mi sentivo sprofondare nel nulla&#8230; poi la forza di arrivare alla cura[:es]Sent\u00eda que estaba cayendo en la nada\u2026.. despu\u00e9s la fuerza para llegar al tratamiento[:pt]Eu me sentia no fundo do po\u00e7o&#8230; depois, tive a for\u00e7a para me recuperar"},"content":{"rendered":"<\/p>\n","protected":false},"excerpt":{"rendered":"<p>Experiencias<\/p>\n","protected":false},"author":34,"featured_media":0,"comment_status":"open","ping_status":"open","sticky":false,"template":"","format":"standard","meta":{"give_campaign_id":0,"_seopress_robots_primary_cat":"","_seopress_titles_title":"","_seopress_titles_desc":"","_seopress_robots_index":"","_et_pb_use_builder":"","_et_pb_old_content":"","_et_gb_content_width":"","footnotes":""},"categories":[47],"tags":[],"class_list":["post-296328","post","type-post","status-publish","format-standard","hentry","category-non-classifiee"],"_links":{"self":[{"href":"https:\/\/www.focolare.org\/fr\/wp-json\/wp\/v2\/posts\/296328","targetHints":{"allow":["GET"]}}],"collection":[{"href":"https:\/\/www.focolare.org\/fr\/wp-json\/wp\/v2\/posts"}],"about":[{"href":"https:\/\/www.focolare.org\/fr\/wp-json\/wp\/v2\/types\/post"}],"author":[{"embeddable":true,"href":"https:\/\/www.focolare.org\/fr\/wp-json\/wp\/v2\/users\/34"}],"replies":[{"embeddable":true,"href":"https:\/\/www.focolare.org\/fr\/wp-json\/wp\/v2\/comments?post=296328"}],"version-history":[{"count":0,"href":"https:\/\/www.focolare.org\/fr\/wp-json\/wp\/v2\/posts\/296328\/revisions"}],"wp:attachment":[{"href":"https:\/\/www.focolare.org\/fr\/wp-json\/wp\/v2\/media?parent=296328"}],"wp:term":[{"taxonomy":"category","embeddable":true,"href":"https:\/\/www.focolare.org\/fr\/wp-json\/wp\/v2\/categories?post=296328"},{"taxonomy":"post_tag","embeddable":true,"href":"https:\/\/www.focolare.org\/fr\/wp-json\/wp\/v2\/tags?post=296328"}],"curies":[{"name":"wp","href":"https:\/\/api.w.org\/{rel}","templated":true}]}}