{"id":296392,"date":"2003-05-24T22:00:00","date_gmt":"2003-05-24T20:00:00","guid":{"rendered":"https:\/\/www.focolare.org\/mon-nom-etait-sur-la-liste-noire\/"},"modified":"2024-05-13T20:56:08","modified_gmt":"2024-05-13T18:56:08","slug":"mon-nom-etait-sur-la-liste-noire","status":"publish","type":"post","link":"https:\/\/www.focolare.org\/fr\/mon-nom-etait-sur-la-liste-noire\/","title":{"rendered":"Mon nom \u00e9tait sur la liste noire"},"content":{"rendered":"<p>\u00a0Aucun Burundais n\u2019oubliera l\u2019ann\u00e9e 1993. L\u2019assassinat du nouveau Pr\u00e9sident avait d\u00e9cha\u00een\u00e9 une vague de haine entre ethnies, la rage, le d\u00e9sir de vengeance, en particulier en nous, jeunes. Et moi-m\u00eame, comme tous \u2013 hommes, femmes, enfants \u2013 j\u2019ai d\u00fb apprendre \u00e0 utiliser un fusil. Une question me hantait : comment mettre fin \u00e0 cette situation ? Un jour, justement dans mon village, a eu lieu un affrontement entre des militaires du gouvernement et des rebelles, qui a fait 50 morts. C\u2019\u00e9taient des amis, des gens que je voyais chaque jour dans la rue. Je ne pouvais pas accepter cela, la vengeance m\u2019apparaissait comme l\u2019unique solution. Je devais prendre les armes et combattre pour d\u00e9fendre mon peuple.  Un dimanche, je me suis r\u00e9fugi\u00e9 dans une \u00e9glise pour me mettre \u00e0 l\u2019abri de la pluie. Je me suis retrouv\u00e9 dans une salle o\u00f9 se tenait une rencontre autour de la Parole de Dieu. Invit\u00e9 par quelqu\u2019un \u00e0 rester parmi eux, j\u2019ai commenc\u00e9 \u00e0 observer les personnes : elles \u00e9taient diff\u00e9rentes des autres, elles racontaient des \u00e9pisodes de leur vie qui avaient un lien avec l\u2019Evangile. Elles parlaient d\u2019unit\u00e9, de fraternit\u00e9, et surtout je les voyais v\u00e9cues entre eux. J\u2019\u00e9tais boulevers\u00e9 et je voulais essayer moi aussi de faire mien le d\u00e9fi de l\u2019amour. J\u2019avais choisi l\u2019universit\u00e9 comme banc d\u2019essai. Dans ces salles que je fr\u00e9quentais chaque jour, les divisions \u00e9taient tr\u00e8s vives \u00e0 cause de la pr\u00e9sence d\u2019\u00e9tudiants de toutes les ethnies. Beaucoup d\u2019entre eux avaient perdu des parents \u00e0 la guerre et ils vivaient de haine et de vengeance. Etudier dans ces conditions n\u2019\u00e9tait certes pas facile. Malgr\u00e9 cela, je saluais chacun le matin en arrivant aux cours, m\u00eame si certains me prenaient pour un fou. J\u2019ai subi des accusations, des critiques des gens de mon ethnie, j\u2019\u00e9tais conscient d\u2019avancer sur un terrain min\u00e9 mais je n\u2019ai pas chang\u00e9 d\u2019attitude. Je voulais d\u00e9montrer que le dialogue est plus puissant que les armes, que l\u2019amour est la solution \u00e0 nos probl\u00e8mes. J\u00e9sus lui-m\u00eame \u00e9tait pass\u00e9 par l\u00e0 : je voulais, comme lui, donner ma vie pour un monde plus uni. En dehors de l\u2019universit\u00e9, avec mes amis, nous n\u2019avions pas de temps \u00e0 perdre : aimer signifiait diffuser une culture de paix, recueillir des v\u00eatements et de la nourriture pour les plus pauvres, organiser des moments de dialogue, des f\u00eates, des tournois sportifs. Tout cela pour d\u00e9montrer qu\u2019il est possible de vivre en fr\u00e8res. Ce n\u2019est que deux ans plus tard qu\u2019un de mes camarades de facult\u00e9 a trouv\u00e9 le courage de m\u2019avouer qu\u2019il avait mis mon nom sur la liste des ennemis \u00e0 \u00e9liminer. Et c\u2019est mon comportement qui l\u2019avait fait changer d\u2019avis. Il a jet\u00e9 le pistolet qu\u2019il portait toujours sur lu. Il avait d\u00e9cid\u00e9 lui aussi de changer de vie. <em>Jovin, du Burundi<\/em><\/p>\n","protected":false},"excerpt":{"rendered":"<p>T\u00e9moignage<\/p>\n","protected":false},"author":34,"featured_media":0,"comment_status":"open","ping_status":"open","sticky":false,"template":"","format":"standard","meta":{"give_campaign_id":0,"_seopress_robots_primary_cat":"","_seopress_titles_title":"","_seopress_titles_desc":"","_seopress_robots_index":"","_et_pb_use_builder":"","_et_pb_old_content":"","_et_gb_content_width":"","footnotes":""},"categories":[47],"tags":[],"class_list":["post-296392","post","type-post","status-publish","format-standard","hentry","category-non-classifiee"],"_links":{"self":[{"href":"https:\/\/www.focolare.org\/fr\/wp-json\/wp\/v2\/posts\/296392","targetHints":{"allow":["GET"]}}],"collection":[{"href":"https:\/\/www.focolare.org\/fr\/wp-json\/wp\/v2\/posts"}],"about":[{"href":"https:\/\/www.focolare.org\/fr\/wp-json\/wp\/v2\/types\/post"}],"author":[{"embeddable":true,"href":"https:\/\/www.focolare.org\/fr\/wp-json\/wp\/v2\/users\/34"}],"replies":[{"embeddable":true,"href":"https:\/\/www.focolare.org\/fr\/wp-json\/wp\/v2\/comments?post=296392"}],"version-history":[{"count":0,"href":"https:\/\/www.focolare.org\/fr\/wp-json\/wp\/v2\/posts\/296392\/revisions"}],"wp:attachment":[{"href":"https:\/\/www.focolare.org\/fr\/wp-json\/wp\/v2\/media?parent=296392"}],"wp:term":[{"taxonomy":"category","embeddable":true,"href":"https:\/\/www.focolare.org\/fr\/wp-json\/wp\/v2\/categories?post=296392"},{"taxonomy":"post_tag","embeddable":true,"href":"https:\/\/www.focolare.org\/fr\/wp-json\/wp\/v2\/tags?post=296392"}],"curies":[{"name":"wp","href":"https:\/\/api.w.org\/{rel}","templated":true}]}}