{"id":296430,"date":"2003-10-15T22:00:00","date_gmt":"2003-10-15T20:00:00","guid":{"rendered":"https:\/\/www.focolare.org\/le-merci-au-pape-artisan-de-leglise-de-demain-leglise-communion\/"},"modified":"2024-05-13T20:56:12","modified_gmt":"2024-05-13T18:56:12","slug":"le-merci-au-pape-artisan-de-leglise-de-demain-leglise-communion","status":"publish","type":"post","link":"https:\/\/www.focolare.org\/fr\/le-merci-au-pape-artisan-de-leglise-de-demain-leglise-communion\/","title":{"rendered":"Le merci au Pape artisan de l\u2019\u00c9glise de demain : l\u2019\u00c9glise communion"},"content":{"rendered":"<p class=\"newsTit\">\n<p> Giuseppe Garagnani interviewe Chiara Lubich <\/p>\n<p align=\"justify\"><span style=\"font-size: small\"><span class=\"Testi\"><img decoding=\"async\" src=\"http:\/\/10.0.0.128\/2010focolare\/layout\/foto2003\/20031015a.jpg\" alt=\"\" align=\"Right\" border=\"0\" hspace=\"8\" \/><strong>Q. quelle est votre exp\u00e9rience directe dans le lien avec le pape ?<\/strong>  R. Ce lien est devenu, avec les ann\u00e9es, toujours plus profond. J\u2019ai m\u00eame v\u00e9cu une ou deux fois une exp\u00e9rience un peu particuli\u00e8re. Apr\u00e8s une audience, par exemple, o\u00f9 j\u2019avais v\u00e9cu un moment de grande unit\u00e9 avec le pape, comme de fille \u00e0 p\u00e8re, j\u2019ai eu l\u2019impression que le ciel s\u2019ouvrait et j\u2019ai exp\u00e9riment\u00e9 une union \u00e0 Dieu toute sp\u00e9ciale. Elle \u00e9tait caract\u00e9ris\u00e9e par le fait que je ne voyais plus d\u2019interm\u00e9diaires. Le pape est \u00ab m\u00e9diateur \u00bb mais lorsque le m\u00e9diateur a contribu\u00e9 \u00e0 nous unir \u00e0 Dieu, il dispara\u00eet. Il m\u2019a sembl\u00e9 comprendre que cela d\u00e9pend aussi du fait que le pape a re\u00e7u les clefs pour nous ouvrir le ciel. : \u00ab Je te remettrai les clefs du Royaume des cieux\u2026. \u00bb Peut-\u00eatre que ces clefs ne lui servent pas seulement \u00e0 effacer les p\u00e9ch\u00e9s mais \u00e9galement \u00e0 nous ouvrir \u00e0 une union \u00e0 Dieu plus profonde. Est-ce l\u00e0 que r\u00e9side le secret des retournements dans les \u00e2mes et dans l\u2019histoire qu\u2019il a op\u00e9r\u00e9s en ces 25 ann\u00e9es ? Il communique Dieu et Dieu fait \u00ab toutes choses nouvelles \u00bb. Une \u00ab Pr\u00e9sence \u00bb qui devient toujours plus forte, au fur et \u00e0 mesure qu\u2019elle passe au creuset de la souffrance.  <strong>Q. vous souvenez-vous d\u2019un \u00e9pisode particulier dans ces rencontres avec le Pape, au cours de ces 25 ann\u00e9es ?<\/strong>  R. De nombreux moments me reviennent en m\u00e9moire qui ont marqu\u00e9 autant de moments fondateurs dans notre histoire et pas seulement dans la n\u00f4tre. Comme ce jour o\u00f9, c\u2019\u00e9tait le 23 septembre 1985 \u2013 c\u2019est un fait d\u00e9sormais connu -, \u00e0 la fin d\u2019une audience, sur le pas de la porte, consid\u00e9rant l\u2019avenir, je me suis hasard\u00e9e \u00e0 demander au pape : \u00ab Vous semble-t-il possible que le pr\u00e9sident du mouvement des Focolari, de cette \u0152uvre, qui est celle de Marie, soit toujours une femme ? \u00bb \u00ab Oui, avait-il r\u00e9pondu, s\u2019il pouvait en \u00eatre ainsi ! \u00bb C\u2019est \u00e0 partir de ces paroles du pape, qui motivaient ce \u00ab oui \u00bb, que c\u2019est ouvert pour moi, pour la premi\u00e8re fois, une nouvelle conscience de l\u2019Eglise dans ses deux dimensions : la dimension de Pierre, \u00ab institutionnelle \u00bb et la dimension mariale, \u00ab charismatique \u00bb. \u00ab On les retrouve dans l\u2019Eglise naissante \u2013 avait-il affirm\u00e9, citant le th\u00e9ologien Hans Urs von Balthasar -, et elles doivent rester ! \u00bb Et, les ann\u00e9es suivantes, le pape a souvent rappel\u00e9 cette grande nouveaut\u00e9. Ce qui surprend, c\u2019est que le Saint P\u00e8re ne voit pas le \u00ab profil marial \u00bb de l\u2019Eglise seulement comme une r\u00e9alit\u00e9 spirituelle ou mystique, mais \u00e9galement comme une r\u00e9alit\u00e9 historique et il en t\u00e9moigne par les faits, en ouvrant tout grand les portes aux nouveaut\u00e9s de l\u2019Esprit.  <strong>Q. Pouvez-vous nous rapporter un autre fait ?<\/strong>  Avec les ann\u00e9es sont n\u00e9es aussi parmi les jeunes, les familles, les personnes des cat\u00e9gories les plus vari\u00e9es \u2013 anglicans, luth\u00e9riens, orthodoxes et membres d\u2019autres Eglises -, les m\u00eames vocations qui avaient fleuri dans l\u2019Oeuvre de Marie, parmi les catholiques. Une nouveaut\u00e9 au cours des ann\u00e9es o\u00f9 nous \u00e9tions sous observation de la part de nombreux canonistes. Il semblait que l\u2019on ne pouvait pas trouver d\u2019issue. A un certain point, j\u2019en ai parl\u00e9 au pape. Il s\u2019est montr\u00e9 tr\u00e8s ouvert ! A la seconde audience sur cet argument, debout cette fois encore, il me dit de son air malicieux : \u00ab J\u2019ai compris. Je dois dire : laissez tranquille l\u2019Oeuvre de Marie qui est de Marie. \u00bb Et la situation s\u2019est d\u00e9bloqu\u00e9e. Je me souviens qu\u2019au cours de la nuit, une pens\u00e9e m\u2019a travers\u00e9 l\u2019esprit : \u00ab S\u2019il y a bien un point qui est encore un obstacle sur le chemin de l\u2019\u0153cum\u00e9nisme, c\u2019est bien le minist\u00e8re du pape. Mais qui a \u2018\u2019 accueilli \u2018\u2019 ces focolarini des autres Eglises ? Justement le pape. \u00bb Cela restera toujours dans notre histoire. Le pape est all\u00e9 encore plus loin : c\u2019est lui qui a sugg\u00e9r\u00e9 que m\u00eame les \u00e9v\u00eaques d\u2019autres Eglises se rencontrent r\u00e9guli\u00e8rement et ils le font d\u00e9sormais depuis des ann\u00e9es, pour alimenter leur minist\u00e8re \u00e0 la spiritualit\u00e9 de l\u2019unit\u00e9, d\u00e9j\u00e0 partag\u00e9e par de nombreux \u00e9v\u00eaques catholiques. Et il a approuv\u00e9 le lien de ces derniers, non pas juridique mais spirituel ,avec l\u2019\u0152uvre de Marie.   <strong>Q. Parmi les diff\u00e9rents aspects proph\u00e9tiques du pontificat de Jean-Paul II, on peut compter sans aucun doute la page nouvelle ouverte la veille de Pentec\u00f4te 98, \u00e0 cette premi\u00e8re rencontre historique avec une centaine de milliers d\u2019adh\u00e9rents des Mouvements et nouvelles communaut\u00e9s eccl\u00e9siales. Il les avait reconnus publiquement comme \u00ab des expressions charismatiques significatives de l\u2019Eglise \u00bb et avait r\u00e9affirm\u00e9 le caract\u00e8re \u00ab co-essentiel \u00bb entre la dimension institutionnelle de Pierre et la dimension charismatique mariale. A partir de cette vision de l\u2019Eglise par le pape, quelles perspectives s\u2019ouvrent pour l\u2019avenir ?<\/strong>  R. Depuis ce jour, le pape a allum\u00e9 en nous un r\u00eave pour le troisi\u00e8me mill\u00e9naire : celui d\u2019une \u00ab Eglise communion \u00bb. En ce temps de red\u00e9couverte des charismes, non pas en opposition mais en profonde communion avec le Pape et les \u00e9v\u00eaques, s\u2019est ouvert en moi l\u2019esp\u00e9rance que vienne surtout en lumi\u00e8re l\u2019\u0153uvre de l\u2019Esprit Saint, attirant le monde \u00e0 J\u00e9sus. Depuis ce jour, pour r\u00e9pondre au d\u00e9sir exprim\u00e9 par le pape d\u2019une communion entre les Mouvements, j\u2019avais pris l\u2019engagement de donner le d\u00e9part d\u2019un chemin de communion entre nous, Mouvements et nouvelles communaut\u00e9s. Je ne pouvais pas alors imaginer les d\u00e9veloppements auxquels nous assistons aujourd\u2019hui : la Pentec\u00f4te 98 s\u2019est r\u00e9p\u00e9t\u00e9e depuis lors dans d\u2019innombrables dioc\u00e8ses, des cinq continents, avec la pr\u00e9sence d\u2019\u00e9v\u00eaques et la participation de centaines de Mouvements et communaut\u00e9s eccl\u00e9siales. Avec des fruits d\u2019une vitalit\u00e9 et d\u2019une esp\u00e9rance nouvelles. L\u2019\u00e9cho du chemin entrepris est parvenu aussi aux mouvements et communaut\u00e9s n\u00e9s ces derni\u00e8res d\u00e9cennies dans d\u2019autres Eglises, comme par exemple, dans les Eglises \u00e9vang\u00e9liques en Allemagne. C\u2019est un ph\u00e9nom\u00e8ne inconnu jusqu\u2019alors. Et de l\u00e0 est n\u00e9e, \u00e0 partir de 1999, une fraternit\u00e9 telle qu\u2019elle a fait na\u00eetre l\u2019id\u00e9e d\u2019y donner une visibilit\u00e9, par exemple par une grande rencontre, le 8 mai 2004, \u00e0 Stuttgart. Avec elle, nous chercherons nous aussi \u00e0 apporter, par nos charismes, une contribution \u00e0 \u00ab l\u2019Europe de l\u2019esprit \u00bb. <\/span><\/span><\/p>\n<p> <span style=\"font-size: small\"> <\/span><\/p>\n","protected":false},"excerpt":{"rendered":"<p>25\u00b0 del Pontificado de Juan Pablo II<\/p>\n","protected":false},"author":34,"featured_media":0,"comment_status":"open","ping_status":"open","sticky":false,"template":"","format":"standard","meta":{"give_campaign_id":0,"_seopress_robots_primary_cat":"","_seopress_titles_title":"","_seopress_titles_desc":"","_seopress_robots_index":"","_et_pb_use_builder":"","_et_pb_old_content":"","_et_gb_content_width":"","footnotes":""},"categories":[47],"tags":[],"class_list":["post-296430","post","type-post","status-publish","format-standard","hentry","category-non-classifiee"],"_links":{"self":[{"href":"https:\/\/www.focolare.org\/fr\/wp-json\/wp\/v2\/posts\/296430","targetHints":{"allow":["GET"]}}],"collection":[{"href":"https:\/\/www.focolare.org\/fr\/wp-json\/wp\/v2\/posts"}],"about":[{"href":"https:\/\/www.focolare.org\/fr\/wp-json\/wp\/v2\/types\/post"}],"author":[{"embeddable":true,"href":"https:\/\/www.focolare.org\/fr\/wp-json\/wp\/v2\/users\/34"}],"replies":[{"embeddable":true,"href":"https:\/\/www.focolare.org\/fr\/wp-json\/wp\/v2\/comments?post=296430"}],"version-history":[{"count":0,"href":"https:\/\/www.focolare.org\/fr\/wp-json\/wp\/v2\/posts\/296430\/revisions"}],"wp:attachment":[{"href":"https:\/\/www.focolare.org\/fr\/wp-json\/wp\/v2\/media?parent=296430"}],"wp:term":[{"taxonomy":"category","embeddable":true,"href":"https:\/\/www.focolare.org\/fr\/wp-json\/wp\/v2\/categories?post=296430"},{"taxonomy":"post_tag","embeddable":true,"href":"https:\/\/www.focolare.org\/fr\/wp-json\/wp\/v2\/tags?post=296430"}],"curies":[{"name":"wp","href":"https:\/\/api.w.org\/{rel}","templated":true}]}}