{"id":296464,"date":"2003-12-12T23:00:00","date_gmt":"2003-12-12T22:00:00","guid":{"rendered":"https:\/\/www.focolare.org\/itun-anniversario-carico-di-sorprese-gli-auguri-del-papaenan-anniversary-filled-with-surprises-greetings-from-the-popeesun-aniversario-lleno-de-sorpresas-las-felicitaciones-del-papaptum\/"},"modified":"2024-05-13T20:56:16","modified_gmt":"2024-05-13T18:56:16","slug":"itun-anniversario-carico-di-sorprese-gli-auguri-del-papaenan-anniversary-filled-with-surprises-greetings-from-the-popeesun-aniversario-lleno-de-sorpresas-las-felicitaciones-del-papaptum","status":"publish","type":"post","link":"https:\/\/www.focolare.org\/fr\/itun-anniversario-carico-di-sorprese-gli-auguri-del-papaenan-anniversary-filled-with-surprises-greetings-from-the-popeesun-aniversario-lleno-de-sorpresas-las-felicitaciones-del-papaptum\/","title":{"rendered":"[:it]Un anniversario carico di sorprese: gli auguri del Papa[:en]An anniversary filled with surprises: greetings from the Pope[:es]Un aniversario lleno de sorpresas: las felicitaciones del Papa[:pt]Um anivers\u00e1rio pleno de surpresas: as sauda\u00e7\u00f5es do Papa"},"content":{"rendered":"<p><\/p>\n","protected":false},"excerpt":{"rendered":"<p>El Movimiento cumple 60 a\u00f1os\/2<\/p>\n","protected":false},"author":34,"featured_media":0,"comment_status":"open","ping_status":"open","sticky":false,"template":"","format":"standard","meta":{"give_campaign_id":0,"_seopress_robots_primary_cat":"","_seopress_titles_title":"","_seopress_titles_desc":"","_seopress_robots_index":"","_et_pb_use_builder":"","_et_pb_old_content":"","_et_gb_content_width":"","footnotes":""},"categories":[47],"tags":[],"class_list":["post-296464","post","type-post","status-publish","format-standard","hentry","category-non-classifiee"],"_links":{"self":[{"href":"https:\/\/www.focolare.org\/fr\/wp-json\/wp\/v2\/posts\/296464","targetHints":{"allow":["GET"]}}],"collection":[{"href":"https:\/\/www.focolare.org\/fr\/wp-json\/wp\/v2\/posts"}],"about":[{"href":"https:\/\/www.focolare.org\/fr\/wp-json\/wp\/v2\/types\/post"}],"author":[{"embeddable":true,"href":"https:\/\/www.focolare.org\/fr\/wp-json\/wp\/v2\/users\/34"}],"replies":[{"embeddable":true,"href":"https:\/\/www.focolare.org\/fr\/wp-json\/wp\/v2\/comments?post=296464"}],"version-history":[{"count":0,"href":"https:\/\/www.focolare.org\/fr\/wp-json\/wp\/v2\/posts\/296464\/revisions"}],"wp:attachment":[{"href":"https:\/\/www.focolare.org\/fr\/wp-json\/wp\/v2\/media?parent=296464"}],"wp:term":[{"taxonomy":"category","embeddable":true,"href":"https:\/\/www.focolare.org\/fr\/wp-json\/wp\/v2\/categories?post=296464"},{"taxonomy":"post_tag","embeddable":true,"href":"https:\/\/www.focolare.org\/fr\/wp-json\/wp\/v2\/tags?post=296464"}],"curies":[{"name":"wp","href":"https:\/\/api.w.org\/{rel}","templated":true}]}}