{"id":296468,"date":"2003-12-12T23:00:00","date_gmt":"2003-12-12T22:00:00","guid":{"rendered":"https:\/\/www.focolare.org\/un-centre-de-spiritualite-et-detudes-sur-le-lieu-ou-selon-la-tradition-jesus-a-prononce-la-priere-de-lunite\/"},"modified":"2024-05-13T20:56:17","modified_gmt":"2024-05-13T18:56:17","slug":"un-centre-de-spiritualite-et-detudes-sur-le-lieu-ou-selon-la-tradition-jesus-a-prononce-la-priere-de-lunite","status":"publish","type":"post","link":"https:\/\/www.focolare.org\/fr\/un-centre-de-spiritualite-et-detudes-sur-le-lieu-ou-selon-la-tradition-jesus-a-prononce-la-priere-de-lunite\/","title":{"rendered":"Un centre de spiritualit\u00e9 et d\u2019\u00e9tudes sur le lieu o\u00f9, selon la tradition, J\u00e9sus a prononc\u00e9 la pri\u00e8re de l\u2019unit\u00e9"},"content":{"rendered":"<p>&nbsp;  <img decoding=\"async\" src=\"http:\/\/10.0.0.128\/2010focolare\/layout\/foto2003\/20031208e.jpg\" alt=\"\" align=\"right\" border=\"0\" hspace=\"8\" \/>Pour ce soixanti\u00e8me anniversaire, nous avons appris qu\u2019en signe d\u2019unit\u00e9, un centre de spiritualit\u00e9 et d\u2019\u00e9tudes des Focolari allait pouvoir se construire dans le vieux J\u00e9rusalem, \u00e0 c\u00f4t\u00e9 de l\u2019escalier de pierre o\u00f9, selon la tradition, J\u00e9sus aurait demand\u00e9 l\u2019unit\u00e9 au P\u00e8re. A cette occasion, les membres du Mouvement dans le monde ont recueilli les premiers fonds destin\u00e9s \u00e0 la r\u00e9alisation de ce projet. Le mois dernier, un accord a \u00e9t\u00e9 sign\u00e9 par lequel le patriarche latin de J\u00e9rusalem conc\u00e8de aux Focolari, \u00e0 usage perp\u00e9tuel, une parcelle de terrain situ\u00e9e tout pr\u00e8s de \u00ab cet escalier \u00bb. <\/p>\n<p align=\"justify\">C\u2019est un r\u00eave vieux de cinquante ans qui se r\u00e9alise. Il date de la premi\u00e8re visite de Chiara Lubich en Terre Sainte, en 1956. C\u2019est en fait dans cette page de l\u2019\u00e9vangile, lue dans un refuge durant la seconde guerre mondiale, que Chiara et ses premi\u00e8res compagnes ont d\u00e9couvert le but de leur vie.  Depuis 25 ans, le Mouvement des Focolari est pr\u00e9sent en Isra\u00ebl avec quelques centres \u00e0 J\u00e9rusalem et \u00e0 Ha\u00effa, qui contribuent \u00e0 porter la paix.<\/p>\n","protected":false},"excerpt":{"rendered":"<p>Le Mouvement des Focolari a 60 ans \u2013 2<\/p>\n","protected":false},"author":34,"featured_media":0,"comment_status":"open","ping_status":"open","sticky":false,"template":"","format":"standard","meta":{"give_campaign_id":0,"_seopress_robots_primary_cat":"","_seopress_titles_title":"","_seopress_titles_desc":"","_seopress_robots_index":"","_et_pb_use_builder":"","_et_pb_old_content":"","_et_gb_content_width":"","footnotes":""},"categories":[47],"tags":[],"class_list":["post-296468","post","type-post","status-publish","format-standard","hentry","category-non-classifiee"],"_links":{"self":[{"href":"https:\/\/www.focolare.org\/fr\/wp-json\/wp\/v2\/posts\/296468","targetHints":{"allow":["GET"]}}],"collection":[{"href":"https:\/\/www.focolare.org\/fr\/wp-json\/wp\/v2\/posts"}],"about":[{"href":"https:\/\/www.focolare.org\/fr\/wp-json\/wp\/v2\/types\/post"}],"author":[{"embeddable":true,"href":"https:\/\/www.focolare.org\/fr\/wp-json\/wp\/v2\/users\/34"}],"replies":[{"embeddable":true,"href":"https:\/\/www.focolare.org\/fr\/wp-json\/wp\/v2\/comments?post=296468"}],"version-history":[{"count":0,"href":"https:\/\/www.focolare.org\/fr\/wp-json\/wp\/v2\/posts\/296468\/revisions"}],"wp:attachment":[{"href":"https:\/\/www.focolare.org\/fr\/wp-json\/wp\/v2\/media?parent=296468"}],"wp:term":[{"taxonomy":"category","embeddable":true,"href":"https:\/\/www.focolare.org\/fr\/wp-json\/wp\/v2\/categories?post=296468"},{"taxonomy":"post_tag","embeddable":true,"href":"https:\/\/www.focolare.org\/fr\/wp-json\/wp\/v2\/tags?post=296468"}],"curies":[{"name":"wp","href":"https:\/\/api.w.org\/{rel}","templated":true}]}}