{"id":296522,"date":"2004-04-06T22:00:00","date_gmt":"2004-04-06T20:00:00","guid":{"rendered":"https:\/\/www.focolare.org\/itdal-buio-alla-riscoperta-del-proprio-carismaesde-la-oscuridad-al-redescubrimiento-del-propio-carismaptda-escuridao-a-redescoberta-do-proprio-carisma\/"},"modified":"2024-05-13T20:56:23","modified_gmt":"2024-05-13T18:56:23","slug":"itdal-buio-alla-riscoperta-del-proprio-carismaesde-la-oscuridad-al-redescubrimiento-del-propio-carismaptda-escuridao-a-redescoberta-do-proprio-carisma","status":"publish","type":"post","link":"https:\/\/www.focolare.org\/fr\/itdal-buio-alla-riscoperta-del-proprio-carismaesde-la-oscuridad-al-redescubrimiento-del-propio-carismaptda-escuridao-a-redescoberta-do-proprio-carisma\/","title":{"rendered":"[:it]Dal buio alla riscoperta del proprio carisma[:es]De la oscuridad al redescubrimiento del propio carisma[:pt]Da escurid\u00e3o \u00e0 redescoberta do pr\u00f3prio carisma"},"content":{"rendered":"<p><\/p>\n","protected":false},"excerpt":{"rendered":"<p>La experiencia de una hija de San Vicente de Pa\u00fal<\/p>\n","protected":false},"author":34,"featured_media":0,"comment_status":"open","ping_status":"open","sticky":false,"template":"","format":"standard","meta":{"give_campaign_id":0,"_seopress_robots_primary_cat":"","_seopress_titles_title":"","_seopress_titles_desc":"","_seopress_robots_index":"","_et_pb_use_builder":"","_et_pb_old_content":"","_et_gb_content_width":"","footnotes":""},"categories":[47],"tags":[],"class_list":["post-296522","post","type-post","status-publish","format-standard","hentry","category-non-classifiee"],"_links":{"self":[{"href":"https:\/\/www.focolare.org\/fr\/wp-json\/wp\/v2\/posts\/296522","targetHints":{"allow":["GET"]}}],"collection":[{"href":"https:\/\/www.focolare.org\/fr\/wp-json\/wp\/v2\/posts"}],"about":[{"href":"https:\/\/www.focolare.org\/fr\/wp-json\/wp\/v2\/types\/post"}],"author":[{"embeddable":true,"href":"https:\/\/www.focolare.org\/fr\/wp-json\/wp\/v2\/users\/34"}],"replies":[{"embeddable":true,"href":"https:\/\/www.focolare.org\/fr\/wp-json\/wp\/v2\/comments?post=296522"}],"version-history":[{"count":0,"href":"https:\/\/www.focolare.org\/fr\/wp-json\/wp\/v2\/posts\/296522\/revisions"}],"wp:attachment":[{"href":"https:\/\/www.focolare.org\/fr\/wp-json\/wp\/v2\/media?parent=296522"}],"wp:term":[{"taxonomy":"category","embeddable":true,"href":"https:\/\/www.focolare.org\/fr\/wp-json\/wp\/v2\/categories?post=296522"},{"taxonomy":"post_tag","embeddable":true,"href":"https:\/\/www.focolare.org\/fr\/wp-json\/wp\/v2\/tags?post=296522"}],"curies":[{"name":"wp","href":"https:\/\/api.w.org\/{rel}","templated":true}]}}