{"id":296564,"date":"2004-06-13T22:00:00","date_gmt":"2004-06-13T20:00:00","guid":{"rendered":"https:\/\/www.focolare.org\/faire-revenir-dieu-dans-la-societe-dans-la-culture-et-dans-la-politique-lideal-digino-giordani\/"},"modified":"2024-05-13T20:56:28","modified_gmt":"2024-05-13T18:56:28","slug":"faire-revenir-dieu-dans-la-societe-dans-la-culture-et-dans-la-politique-lideal-digino-giordani","status":"publish","type":"post","link":"https:\/\/www.focolare.org\/fr\/faire-revenir-dieu-dans-la-societe-dans-la-culture-et-dans-la-politique-lideal-digino-giordani\/","title":{"rendered":"Faire revenir Dieu dans la soci\u00e9t\u00e9, dans la culture et dans la politique : l\u2019id\u00e9al d\u2019Igino Giordani"},"content":{"rendered":"<p><img decoding=\"async\" src=\"http:\/\/10.0.0.128\/2010focolare\/layout\/foto2004\/20040606a.jpg\" alt=\"\" align=\"right\" border=\"0\" hspace=\"8\" \/><em>Igino Giordani : on pourrait r\u00e9\u00e9crire les b\u00e9atitudes de l\u2019\u00e9vangile avec sa vie. <\/em>Ainsi s\u2019est exprim\u00e9e Chiara Lubich, fondatrice du Mouvement des Focolari, le jour de l\u2019ouverture officielle du proc\u00e8s de b\u00e9atification de cet homme \u00e0 la <em>personnalit\u00e9 si riche <\/em>: \u00e9crivain, journaliste, politique, \u0153cum\u00e9niste, sp\u00e9cialiste des P\u00e8res de l\u2019\u00c9glise et de la doctrine sociale du christianisme. La c\u00e9r\u00e9monie s\u2019est d\u00e9roul\u00e9e \u00e0 la cath\u00e9drale Saint-Pierre de Frascati, dioc\u00e8se o\u00f9 Giordani a pass\u00e9 la fin de sa vie terrestre. La conc\u00e9l\u00e9bration liturgique solennelle qui a pr\u00e9c\u00e9d\u00e9 l\u2019installation du tribunal eccl\u00e9siastique \u00e9tait pr\u00e9sid\u00e9e par Mgr Giuseppe Matarrese, \u00e9v\u00eaque de Frascati. La foule emplissait la cath\u00e9drale et ses enfants Sergio, Brando et Bonizza \u00e9taient pr\u00e9sents.<\/p>\n<p><em>\u00ab Giordani a marqu\u00e9 le XXe si\u00e8cle <\/em>\u2013 a dit dans son hom\u00e9lie le th\u00e9ologien Piero Coda, vicaire \u00e9piscopal \u2013 <em>il a particip\u00e9 \u00e0 la reconstruction de l\u2019Italie r\u00e9publicaine en tant que membre de l\u2019assembl\u00e9e constituante puis comme d\u00e9put\u00e9 \u00bb,<\/em> il a contribu\u00e9 \u00e0 pr\u00e9parer, puis \u00e0 promouvoir \u00ab par sa vie et par sa plume \u00bb le printemps du concile. <em>\u00ab En lui br\u00fblait le d\u00e9sir de faire revenir Dieu dans le monde, dans la soci\u00e9t\u00e9 et dans la culture \u00bb.<\/em><\/p>\n<p align=\"justify\"><img decoding=\"async\" src=\"http:\/\/10.0.0.128\/2010focolare\/layout\/foto2004\/20040606b.jpg\" alt=\"\" align=\"left\" border=\"0\" hspace=\"8\" \/>Apr\u00e8s sa rencontre avec le charisme de Chiara Lubich, qu\u2019il a vue pour la premi\u00e8re fois au parlement italien en 1948, Giordani dira :<em> \u00ab J\u2019ai eu l\u2019impression que je passais du Christ que je cherchais au Christ vivant \u00bb. <\/em>Prenant la parole \u00e0 la fin de la messe, la fondatrice des Focolari a dit \u00e0 son propos : <em>\u00ab C\u2019est la puret\u00e9 du c\u0153ur qui a affin\u00e9 ses sentiments les plus sacr\u00e9s et les a concentr\u00e9s vers sa femme et vers ses enfants \u00bb. <\/em>Il a \u00e9t\u00e9 <em>\u00ab pauvre en esprit, par le d\u00e9tachement complet de ce qu\u2019il poss\u00e9dait et surtout de ce qu\u2019il \u00e9tait \u00bb. \u00ab Ouvrier de paix, comme le prouve son histoire d\u2019homme politique \u00bb.<\/em><\/p>\n<p>En Giordani, Chiara reconna\u00eet un cofondateur du Mouvement des Focolari : il a donn\u00e9 un \u00e9lan exceptionnel aux mouvements \u00e0 large rayonnement, n\u00e9s pour mettre un souffle chr\u00e9tien dans le monde des jeunes, de la famille, de la politique, de l\u2019\u00e9cole, de la m\u00e9decine, des arts\u2026<\/p>\n<p align=\"justify\"><img decoding=\"async\" src=\"http:\/\/10.0.0.128\/2010focolare\/layout\/foto2004\/20040606c.jpg\" alt=\"\" align=\"right\" border=\"0\" hspace=\"8\" \/>C\u2019est lui qui a ouvert une nouvelle voie de cons\u00e9cration pour les \u00e9poux qui l\u2019a amen\u00e9 \u00e0 faire l\u2019exp\u00e9rience des <em>\u00ab joies de la contemplation et de la vie mystique \u00bb. <\/em>Enfin, il a annul\u00e9 <em>\u00ab l\u2019ab\u00eeme \u00bb <\/em>\u2013 comme il l\u2019appelait \u2013 entre les religieux qui suivaient <em>\u00ab l\u2019id\u00e9al de perfection \u00bb <\/em>et les la\u00efcs qui suivaient <em>\u00ab l\u2019id\u00e9al de l\u2019imperfection \u00bb, <\/em>comme il le disait avec une pointe d\u2019ironie. <em>\u00ab Il a \u00e9t\u00e9 la personnification \u2013 a encore dit Chiara Lubich \u2013 de l\u2019un des buts les plus importants des Focolari : concourir \u00e0 l\u2019unification des \u00c9glises \u00bb.<\/em><\/p>\n<p>Giordani, membre de l\u2019assembl\u00e9e constituante, a fait aussi partie du conseil des peuples de l\u2019Europe \u00e0 Strasbourg. Il est l\u2019auteur d\u2019une centaine d\u2019ouvrages et de plus de 4 000 articles. Une de ses \u0153uvres les plus connues, traduite en de nombreuses langues dont le chinois, est le <em>\u00ab Messagio sociale del cristianesismo \u00bb <\/em>(message social du christianisme). D\u00e8s 1924-1925, il \u00e9labore et fait conna\u00eetre ses id\u00e9es sur <em>l\u2019Union des \u00c9glises \u00bb <\/em>et sur les<em> \u00ab Etats-Unis d\u2019Europe \u00bb. <\/em><\/p>\n<p> La p\u00e9riode allant de 1946 \u00e0 1953 est la plus cr\u00e9ative, avec des initiatives audacieuses et des positions inconfortables pour son temps comme l\u2019objection de conscience, le refus des d\u00e9penses militaires et de la diabolisation des communistes<\/p>\n<p align=\"justify\"><img decoding=\"async\" src=\"http:\/\/10.0.0.128\/2010focolare\/layout\/foto2004\/20040606d.jpg\" alt=\"\" align=\"left\" border=\"0\" hspace=\"8\" \/>Une <em>\u00ab ing\u00e9nuit\u00e9 \u00bb, <\/em>selon sa propre expression, qui le fait sortir assez vite de l\u2019\u00e9chiquier politique (il ne sera pas r\u00e9\u00e9lu en 1953), mais qui le fait red\u00e9couvrir aujourd\u2019hui comme (selon l\u2019historien de Rosa) : <em>\u00ab un politicien de l\u2019anti-politique, pas fait pour toutes les \u00e9poques, non disponible aux raisons du pouvoir pour le pouvoir \u00bb.<\/em><\/p>\n<p>Durant les derni\u00e8res ann\u00e9es de sa vie, les douleurs physiques lui donnaient la joie de pouvoir \u00eatre <em>\u00ab co-crucifi\u00e9 \u00bb <\/em>avec le Christ.<\/p>\n<p align=\"justify\"><img decoding=\"async\" src=\"http:\/\/10.0.0.128\/2010focolare\/layout\/foto2004\/20040606e.jpg\" alt=\"\" align=\"right\" border=\"0\" hspace=\"8\" \/>Il avait une telle lumi\u00e8re dans les yeux et une telle bont\u00e9 dans ses relations qu\u2019il inspirait \u00e0 tous la s\u00e9r\u00e9nit\u00e9 et poussait m\u00eame les plus petits \u00e0 se sentir sur un pied d\u2019\u00e9galit\u00e9 avec lui. Le ciel lui accordait des exp\u00e9riences extraordinaires d\u2019union \u00e0 Dieu et \u00e0 Marie, et ces \u00e9preuves <em>\u00ab obscures \u00bb <\/em>de l\u2019\u00e2me que le Seigneur r\u00e9serve \u00e0 ceux qu\u2019il choisit. Son <em>\u00ab voyage \u00bb <\/em>terrestre \u00e9tait devenu un <em>\u00ab envol \u00bb <\/em>en Dieu et s\u2019est termin\u00e9 le soir du 18 avril 1980.<\/p>\n<p>La d\u00e9cision de proposer<em> \u00ab un geste important \u00bb : \u00ab introduire sa cause de b\u00e9atification, pour que toute l\u2019\u00c9glise trouve en lui un mod\u00e8le, un t\u00e9moin de l\u2019\u00e9vangile et un mod\u00e8le de communion \u00bb <\/em>a \u00e9t\u00e9 prise lors de l\u2019ann\u00e9e du grand Jubil\u00e9 par Mgr Pietro Garlato, alors \u00e9v\u00eaque de Tivoli, ville natale d\u2019Igino Giordani (1894).<\/p>\n","protected":false},"excerpt":{"rendered":"<p>T\u00e9moins pour aujourd\u2019hui<\/p>\n","protected":false},"author":34,"featured_media":0,"comment_status":"open","ping_status":"open","sticky":false,"template":"","format":"standard","meta":{"give_campaign_id":0,"_seopress_robots_primary_cat":"","_seopress_titles_title":"","_seopress_titles_desc":"","_seopress_robots_index":"","_et_pb_use_builder":"","_et_pb_old_content":"","_et_gb_content_width":"","footnotes":""},"categories":[47],"tags":[],"class_list":["post-296564","post","type-post","status-publish","format-standard","hentry","category-non-classifiee"],"_links":{"self":[{"href":"https:\/\/www.focolare.org\/fr\/wp-json\/wp\/v2\/posts\/296564","targetHints":{"allow":["GET"]}}],"collection":[{"href":"https:\/\/www.focolare.org\/fr\/wp-json\/wp\/v2\/posts"}],"about":[{"href":"https:\/\/www.focolare.org\/fr\/wp-json\/wp\/v2\/types\/post"}],"author":[{"embeddable":true,"href":"https:\/\/www.focolare.org\/fr\/wp-json\/wp\/v2\/users\/34"}],"replies":[{"embeddable":true,"href":"https:\/\/www.focolare.org\/fr\/wp-json\/wp\/v2\/comments?post=296564"}],"version-history":[{"count":0,"href":"https:\/\/www.focolare.org\/fr\/wp-json\/wp\/v2\/posts\/296564\/revisions"}],"wp:attachment":[{"href":"https:\/\/www.focolare.org\/fr\/wp-json\/wp\/v2\/media?parent=296564"}],"wp:term":[{"taxonomy":"category","embeddable":true,"href":"https:\/\/www.focolare.org\/fr\/wp-json\/wp\/v2\/categories?post=296564"},{"taxonomy":"post_tag","embeddable":true,"href":"https:\/\/www.focolare.org\/fr\/wp-json\/wp\/v2\/tags?post=296564"}],"curies":[{"name":"wp","href":"https:\/\/api.w.org\/{rel}","templated":true}]}}