{"id":296574,"date":"2004-06-24T22:00:00","date_gmt":"2004-06-24T20:00:00","guid":{"rendered":"https:\/\/www.focolare.org\/dialogue-entre-les-religions-et-strategie-de-fraternite-pour-un-monde-nouveau\/"},"modified":"2024-05-13T20:56:30","modified_gmt":"2024-05-13T18:56:30","slug":"dialogue-entre-les-religions-et-strategie-de-fraternite-pour-un-monde-nouveau","status":"publish","type":"post","link":"https:\/\/www.focolare.org\/fr\/dialogue-entre-les-religions-et-strategie-de-fraternite-pour-un-monde-nouveau\/","title":{"rendered":"Dialogue entre les religions et strat\u00e9gie de fraternit\u00e9 pour un monde nouveau"},"content":{"rendered":"<p><img decoding=\"async\" src=\"http:\/\/10.0.0.128\/2010focolare\/layout\/foto2004\/20040620e.jpg\" alt=\"\" align=\"right\" border=\"0\" hspace=\"8\" \/><strong>\u00ab Quel avenir pour une soci\u00e9t\u00e9 pluriethnique, multiculturelle et multi-religieuse ? \u00bb<\/strong>  C\u2019est cette question de plus en plus r\u00e9pandue, en particulier dans la soci\u00e9t\u00e9 anglaise, la plus cosmopolite d\u2019Europe, que Chiara Lubich a trait\u00e9e samedi 19 juin apr\u00e8s-midi au Westminster Central Hall, devant plus de 2 000 personnes, dont le cardinal Murphy O\u2019Connor, archev\u00eaque de Londres, et des personnalit\u00e9s musulmanes, bouddhistes et sikhs. La manifestation, organis\u00e9e par le Mouvement des Focolari de Grande-Bretagne, s\u2019intitulait : <em>\u00ab Imagine un monde\u2026 enrichi par la diversit\u00e9 \u00bb.<\/em>  <strong>Une strat\u00e9gie de fraternit\u00e9 pour un changement dans les relations internationales<\/strong> Tandis que beaucoup parlent d\u2019une menace d\u2019affrontement entre civilisations, provoqu\u00e9e par le terrorisme, la fondatrice des Focolari a indiqu\u00e9 un moyen d\u2019y rem\u00e9dier de fa\u00e7on pr\u00e9ventive : le dialogue interreligieux. Plus encore, ce dialogue interreligieux \u2013 a-t-elle dit \u2013 peut \u00eatre le point de d\u00e9part d\u2019une \u00ab strat\u00e9gie de la fraternit\u00e9, capable de marquer un changement dans les relations internationales \u00bb. <\/p>\n<p align=\"justify\"><img decoding=\"async\" src=\"http:\/\/10.0.0.128\/2010focolare\/layout\/foto2004\/20040620d.jpg\" alt=\"\" align=\"left\" border=\"0\" hspace=\"8\" \/><strong>De la soci\u00e9t\u00e9 pluriethnique et multi-religieuse peut na\u00eetre un monde nouveau<\/strong> En faisant un parall\u00e8le entre notre \u00e9poque marqu\u00e9e par de profondes transformations et celle de Saint Augustin, qui avait vu le bouleversement de la soci\u00e9t\u00e9 sous la pression des migrations de populations, Chiara Lubich a affirm\u00e9 avec lui que ce qui arrive est \u00ab la naissance d\u2019un monde nouveau \u00bb. Le monde nouveau du troisi\u00e8me mill\u00e9naire, pour Chiara Lubich, sera l\u2019unit\u00e9 de la famille humaine, enrichie par les diff\u00e9rences, selon le dessein de Dieu. On a pu en entrevoir une \u00e9bauche avec les t\u00e9moignages, chants et danses aux couleurs et aux rythmes orientaux et africains, et les interventions de repr\u00e9sentants de plusieurs religions, comme celle de l\u2019imam iranien Mohammed Somali et de Mme Didi Athavale, leader du grand mouvement hindou Swadhyaya Family.  <strong>Comment r\u00e9aliser le dialogue entre les religions ?<\/strong> Le dialogue doit \u00eatre anim\u00e9 par un amour qui r\u00e9ussit \u00e0 \u00ab se mettre dans la peau de l\u2019autre \u00bb \u2013 a affirm\u00e9 Chiara Lubich \u2013 parce qu\u2019il sait se faire \u00ab un rien d\u2019amour \u00bb devant l\u2019autre, il sait se faire cet espace d\u2019accueil et d\u2019\u00e9coute qui pr\u00e9pare \u00ab une respectueuse annonce de l\u2019\u00e9vangile \u00bb. Elle a rappel\u00e9 les paroles prononc\u00e9es par Jean-Paul II en Inde : \u00ab Quand nous nous ouvrons l\u2019un \u00e0 l\u2019autre, nous nous ouvrons aussi \u00e0 Dieu et nous faisons en sorte que Dieu soit pr\u00e9sent au milieu de nous \u00bb. En lui est la force secr\u00e8te qui donne vigueur et succ\u00e8s \u00e0 nos efforts, pour porter partout l\u2019unit\u00e9 et la fraternit\u00e9 universelle \u00bb.<\/p>\n<p align=\"justify\"><img decoding=\"async\" src=\"http:\/\/10.0.0.128\/2010focolare\/layout\/foto2004\/20040620c.jpg\" alt=\"\" align=\"right\" border=\"0\" hspace=\"8\" \/><strong>Une vision partag\u00e9e par des responsables de plusieurs religions et des politiques<\/strong> C\u2019est ce qu\u2019ont exprim\u00e9 le chef des imams du Royaume-Uni, Zaki Badawi, le chef spirituel des sikhs de Grande-Bretagne et d\u2019Europe, Bai Sahib Mohinder Singh de Birmingham, qui ont parl\u00e9 juste apr\u00e8s Chiara Lubich, et la baroness Kathleen Richardson de la Chambre des Lords, qui a rappel\u00e9 comment \u00ab juste apr\u00e8s la guerre, l\u2019assembl\u00e9e de l\u2019ONU avait tenu sa premi\u00e8re assembl\u00e9e pl\u00e9ni\u00e8re dans cette m\u00eame salle. La vision qui est exprim\u00e9e aujourd\u2019hui \u2013 a-t-elle ajout\u00e9 \u2013 est encore plus riche, parce qu\u2019elle n\u2019est pas construite seulement sur les aspirations des hommes, mais avec la participation de l\u2019amour de Dieu \u00bb.<\/p>\n<p align=\"justify\"><img decoding=\"async\" src=\"http:\/\/10.0.0.128\/2010focolare\/layout\/foto2004\/20040619c.jpg\" alt=\"\" align=\"left\" border=\"0\" hspace=\"8\" \/><strong>Les nouvelles technologies au service de la fraternit\u00e9 entre les peuples<\/strong> Unit\u00e9 et fraternit\u00e9 universelle : une exp\u00e9rience v\u00e9cue au Westminster Central Hall qui a port\u00e9, comme en t\u00e9moignent fax et e-mails, une bouff\u00e9e d\u2019espoir en de nombreux pays d\u2019Am\u00e9rique du Nord et du Sud, en Australie, en Europe, au Moyen Orient et en Afrique du Nord, reli\u00e9s par satellite gr\u00e2ce \u00e0 Telepace et par Internet. Quelques flashes : De Bulgarie : \u00ab Nous avons \u00e9t\u00e9 conquis par cette fraternit\u00e9 entre les religions et les cultures, que nous voulons r\u00e9aliser aussi dans notre pays, o\u00f9 vivent pr\u00e8s d\u2019un million de musulmans qui sont pour nous le souvenir d\u2019une plaie du pass\u00e9 \u00bb. D\u2019Irlande : \u00ab Nous avons fait l\u2019exp\u00e9rience d\u2019un pan de fraternit\u00e9 universelle r\u00e9alis\u00e9e, en admirant la beaut\u00e9 et la richesse de toutes ces religions et cultures. Aujourd\u2019hui, c\u2019est pour nous le d\u00e9but d\u2019une nouvelle route pleine d\u2019esp\u00e9rance, maintenant que l\u2019Irlande devient de plus en plus multiculturelle \u00bb. De Stockholm : \u00ab Nous avons entrevu la solution \u00e0 la violence qui existe dans le monde, une nouvelle esp\u00e9rance que l\u2019unit\u00e9 et la paix sont possibles \u00bb.<\/p>\n","protected":false},"excerpt":{"rendered":"<p>Voyage en Angleterre &#8211; 1<\/p>\n","protected":false},"author":34,"featured_media":0,"comment_status":"open","ping_status":"open","sticky":false,"template":"","format":"standard","meta":{"give_campaign_id":0,"_seopress_robots_primary_cat":"","_seopress_titles_title":"","_seopress_titles_desc":"","_seopress_robots_index":"","_et_pb_use_builder":"","_et_pb_old_content":"","_et_gb_content_width":"","footnotes":""},"categories":[906],"tags":[],"class_list":["post-296574","post","type-post","status-publish","format-standard","hentry","category-focolare-worldwide-2-3"],"_links":{"self":[{"href":"https:\/\/www.focolare.org\/fr\/wp-json\/wp\/v2\/posts\/296574","targetHints":{"allow":["GET"]}}],"collection":[{"href":"https:\/\/www.focolare.org\/fr\/wp-json\/wp\/v2\/posts"}],"about":[{"href":"https:\/\/www.focolare.org\/fr\/wp-json\/wp\/v2\/types\/post"}],"author":[{"embeddable":true,"href":"https:\/\/www.focolare.org\/fr\/wp-json\/wp\/v2\/users\/34"}],"replies":[{"embeddable":true,"href":"https:\/\/www.focolare.org\/fr\/wp-json\/wp\/v2\/comments?post=296574"}],"version-history":[{"count":0,"href":"https:\/\/www.focolare.org\/fr\/wp-json\/wp\/v2\/posts\/296574\/revisions"}],"wp:attachment":[{"href":"https:\/\/www.focolare.org\/fr\/wp-json\/wp\/v2\/media?parent=296574"}],"wp:term":[{"taxonomy":"category","embeddable":true,"href":"https:\/\/www.focolare.org\/fr\/wp-json\/wp\/v2\/categories?post=296574"},{"taxonomy":"post_tag","embeddable":true,"href":"https:\/\/www.focolare.org\/fr\/wp-json\/wp\/v2\/tags?post=296574"}],"curies":[{"name":"wp","href":"https:\/\/api.w.org\/{rel}","templated":true}]}}