{"id":296588,"date":"2004-08-26T22:00:00","date_gmt":"2004-08-26T20:00:00","guid":{"rendered":"https:\/\/www.focolare.org\/itla-fraternita-in-politica-utopia-o-necessitaenfraternity-in-politics-utopia-or-necessityesla-fraternidad-en-la-politica-utopia-o-necesidadpta-fraternidade-em-politica-utopia-ou-ne\/"},"modified":"2024-05-13T20:56:31","modified_gmt":"2024-05-13T18:56:31","slug":"itla-fraternita-in-politica-utopia-o-necessitaenfraternity-in-politics-utopia-or-necessityesla-fraternidad-en-la-politica-utopia-o-necesidadpta-fraternidade-em-politica-utopia-ou-ne","status":"publish","type":"post","link":"https:\/\/www.focolare.org\/fr\/itla-fraternita-in-politica-utopia-o-necessitaenfraternity-in-politics-utopia-or-necessityesla-fraternidad-en-la-politica-utopia-o-necesidadpta-fraternidade-em-politica-utopia-ou-ne\/","title":{"rendered":"[:it]La fraternit\u00e0 in politica: utopia o necessit\u00e0?[:en]Fraternity in politics: Utopia or necessity?[:es]La fraternidad en la pol\u00edtica: utop\u00eda o necesidad?[:pt]A Fraternidade em pol\u00edtica: utopia ou necessidade?"},"content":{"rendered":"<p><\/p>\n","protected":false},"excerpt":{"rendered":"<p>Pol\u00edtica \/1<\/p>\n","protected":false},"author":34,"featured_media":0,"comment_status":"open","ping_status":"open","sticky":false,"template":"","format":"standard","meta":{"give_campaign_id":0,"_seopress_robots_primary_cat":"","_seopress_titles_title":"","_seopress_titles_desc":"","_seopress_robots_index":"","_et_pb_use_builder":"","_et_pb_old_content":"","_et_gb_content_width":"","footnotes":""},"categories":[47],"tags":[],"class_list":["post-296588","post","type-post","status-publish","format-standard","hentry","category-non-classifiee"],"_links":{"self":[{"href":"https:\/\/www.focolare.org\/fr\/wp-json\/wp\/v2\/posts\/296588","targetHints":{"allow":["GET"]}}],"collection":[{"href":"https:\/\/www.focolare.org\/fr\/wp-json\/wp\/v2\/posts"}],"about":[{"href":"https:\/\/www.focolare.org\/fr\/wp-json\/wp\/v2\/types\/post"}],"author":[{"embeddable":true,"href":"https:\/\/www.focolare.org\/fr\/wp-json\/wp\/v2\/users\/34"}],"replies":[{"embeddable":true,"href":"https:\/\/www.focolare.org\/fr\/wp-json\/wp\/v2\/comments?post=296588"}],"version-history":[{"count":0,"href":"https:\/\/www.focolare.org\/fr\/wp-json\/wp\/v2\/posts\/296588\/revisions"}],"wp:attachment":[{"href":"https:\/\/www.focolare.org\/fr\/wp-json\/wp\/v2\/media?parent=296588"}],"wp:term":[{"taxonomy":"category","embeddable":true,"href":"https:\/\/www.focolare.org\/fr\/wp-json\/wp\/v2\/categories?post=296588"},{"taxonomy":"post_tag","embeddable":true,"href":"https:\/\/www.focolare.org\/fr\/wp-json\/wp\/v2\/tags?post=296588"}],"curies":[{"name":"wp","href":"https:\/\/api.w.org\/{rel}","templated":true}]}}