{"id":296646,"date":"2004-11-26T23:00:00","date_gmt":"2004-11-26T22:00:00","guid":{"rendered":"https:\/\/www.focolare.org\/un-seul-peuple-dans-la-multiplicite-des-traditions\/"},"modified":"2024-05-13T20:56:39","modified_gmt":"2024-05-13T18:56:39","slug":"un-seul-peuple-dans-la-multiplicite-des-traditions","status":"publish","type":"post","link":"https:\/\/www.focolare.org\/fr\/un-seul-peuple-dans-la-multiplicite-des-traditions\/","title":{"rendered":"Un seul peuple dans la multiplicit\u00e9 des traditions"},"content":{"rendered":"<p>\u00a0<strong>\u00ab L\u00e0 o\u00f9 deux ou trois se trouvent r\u00e9unis en mon nom\u2026 \u00bb<img decoding=\"async\" src=\"http:\/\/10.0.0.128\/2010focolare\/layout\/foto2004\/20041124a.jpg\" alt=\"\" align=\"right\" border=\"0\" hspace=\"8\" \/> Un seul peuple dans la multiplicit\u00e9 des traditions<\/strong> Le patriarche \u0153cum\u00e9nique Bartholom\u00e9e 1er ouvrira la 23e rencontre \u0153cum\u00e9nique sur le th\u00e8me : <em>\u00ab \u201cL\u00e0 o\u00f9 deux ou trois se trouvent r\u00e9unis en mon nom\u2026\u201d, un seul peuple dans la multiplicit\u00e9 des traditions \u00bb. <\/em>Cinquante-deux \u00e9v\u00eaques et responsables eccl\u00e9siastiques de diff\u00e9rentes \u00c9glises d\u2019Orient et d\u2019Occident se r\u00e9unissent \u00e0 Istanbul : orthodoxes, syro-orthodoxes, arm\u00e9no-apostoliques, anglicans, luth\u00e9riens et catholiques de rites divers.  <strong>Rencontres importantes<\/strong> Des rencontres-dialogues auront lieu avec le <strong>cardinal Walter Kasper, <\/strong>pr\u00e9sident du Conseil pontifical pour l\u2019unit\u00e9 des chr\u00e9tiens, <strong>le patriarche arm\u00e9no-apostolique de Constantinople, Mesrob II,<\/strong> et le <strong>vicaire patriarcal syro-orthodoxe pour la Turquie, Fil\u00fcksinos Yusuf \u00c7etin.<\/strong>  <strong>Au c\u0153ur de la spiritualit\u00e9 de l\u2019unit\u00e9 :<\/strong> <strong>La pr\u00e9sence du Christ ressuscit\u00e9 promise \u00e0 \u00ab deux ou plus \u00bb r\u00e9unis en son nom<\/strong> Chiara Lubich, fondatrice des Focolari a confi\u00e9 \u00e0 quelques-uns de ses proches collaborateurs le soin de transmettre ses interventions sur le th\u00e8me du congr\u00e8s et sur l\u2019exp\u00e9rience \u0153cum\u00e9nique du Mouvement. Ceux-ci montreront l\u2019\u00e9troite correspondance entre la spiritualit\u00e9 de l\u2019unit\u00e9, typique des Focolari, et la spiritualit\u00e9 \u0153cum\u00e9nique fortement encourag\u00e9e par le pape qui, le 13 novembre dernier, a de nouveau invit\u00e9 les chr\u00e9tiens \u00e0 r\u00e9aliser la \u00ab pleine communion \u00bb, qui \u00ab ne veut pas dire uniformit\u00e9 abstraite, mais richesse d\u2019une l\u00e9gitime diversit\u00e9 de dons partag\u00e9s et reconnus par tous\u2026 \u00bb (Hom\u00e9lie de Jean-Paul II \u00e0 l\u2019occasion du 40e anniversaire du d\u00e9cret conciliaire \u00ab Unitatis Redintegratio \u00bb).  <strong>C\u00e9l\u00e9bration \u0153cum\u00e9nique Le congr\u00e8s des \u00e9v\u00eaques et responsables eccl\u00e9siastiques a commenc\u00e9 par une c\u00e9l\u00e9bration \u0153cum\u00e9nique \u00e0 l\u2019\u00e9glise catholique Saint-Antoine,<\/strong> en pr\u00e9sence des responsables et des membres des communaut\u00e9s chr\u00e9tiennes pr\u00e9sentes \u00e0 Istanbul.  <strong>Visite de Nic\u00e9e, o\u00f9 ont eu lieu deux des premiers conciles \u0153cum\u00e9niques<\/strong> Le programme inclut la visite de <strong>Nic\u00e9e <\/strong>et du monast\u00e8re de la sainte Trinit\u00e9 \u00e0 Halki, centre d\u2019\u00e9tudes du patriarcat \u0153cum\u00e9nique. Il est aussi pr\u00e9vu de rendre visite au patriarche <strong>Mesrob II <\/strong>au si\u00e8ge du patriarcat arm\u00e9no-apostolique de Constantinople, et au m\u00e9tropolite <strong>Fil\u00fcksinos Yusuf \u00c7etin,<\/strong> au vicariat patriarcal syro-orthodoxe.  <strong>Accueil des reliques de Jean Chrysostome et de Gr\u00e9goire de Nazianze<\/strong> A Istanbul, les \u00e9v\u00eaques auront la joie de participer \u00e0 l\u2019accueil des reliques des Docteurs de l\u2019\u00c9glise indivise Gr\u00e9goire de Nazianze et Jean Chrysostome, \u00e9v\u00eaques de Constantinople aux IVe et Ve si\u00e8cle, qui ont \u00e9t\u00e9 rendues par Jean-Paul II au patriarche Bartholom\u00e9e le samedi 27 novembre au Vatican.  <strong>La f\u00eate de l\u2019ap\u00f4tre saint Andr\u00e9 au Phanar<\/strong> Au Phanar, si\u00e8ge du patriarcat \u0153cum\u00e9nique, les \u00e9v\u00eaques assisteront les 29 et 30 novembre aux c\u00e9l\u00e9brations solennelles de la f\u00eate de l\u2019ap\u00f4tre saint Andr\u00e9, fondateur et patron du patriarcat de Constantinople, qui seront pr\u00e9sid\u00e9es par le patriarche Bartholom\u00e9 Ier. La d\u00e9l\u00e9gation du saint-Si\u00e8ge sera conduite par le cardinal Walter Kasper.  <strong>Les pr\u00e9c\u00e9dentes rencontres \u0153cum\u00e9niques d\u2019\u00e9v\u00eaques<\/strong> Les rencontres \u0153cum\u00e9niques d\u2019\u00e9v\u00eaques et responsables eccl\u00e9siastiques de diff\u00e9rentes \u00c9glises \u00ab amis du mouvement des Focolari \u00bb ont lieu chaque ann\u00e9e. Elles se d\u00e9roulent dans diff\u00e9rentes villes : Constantinople (1984), Londres (1986 et 1996), Ottmaring\/Augsbourg, Allemagne (1988 et 1998), Trente (1995), Amman\/J\u00e9rusalem (1999), Zurich (2001), Gen\u00e8ve (2002) et plusieurs fois \u00e0 Rome, toujours avec l\u2019accord et la b\u00e9n\u00e9diction des chefs des diff\u00e9rentes \u00c9glises.<\/p>\n","protected":false},"excerpt":{"rendered":"<p>\u0152cum\u00e9nisme\/1<\/p>\n","protected":false},"author":34,"featured_media":0,"comment_status":"open","ping_status":"open","sticky":false,"template":"","format":"standard","meta":{"give_campaign_id":0,"_seopress_robots_primary_cat":"","_seopress_titles_title":"","_seopress_titles_desc":"","_seopress_robots_index":"","_et_pb_use_builder":"","_et_pb_old_content":"","_et_gb_content_width":"","footnotes":""},"categories":[47],"tags":[],"class_list":["post-296646","post","type-post","status-publish","format-standard","hentry","category-non-classifiee"],"_links":{"self":[{"href":"https:\/\/www.focolare.org\/fr\/wp-json\/wp\/v2\/posts\/296646","targetHints":{"allow":["GET"]}}],"collection":[{"href":"https:\/\/www.focolare.org\/fr\/wp-json\/wp\/v2\/posts"}],"about":[{"href":"https:\/\/www.focolare.org\/fr\/wp-json\/wp\/v2\/types\/post"}],"author":[{"embeddable":true,"href":"https:\/\/www.focolare.org\/fr\/wp-json\/wp\/v2\/users\/34"}],"replies":[{"embeddable":true,"href":"https:\/\/www.focolare.org\/fr\/wp-json\/wp\/v2\/comments?post=296646"}],"version-history":[{"count":0,"href":"https:\/\/www.focolare.org\/fr\/wp-json\/wp\/v2\/posts\/296646\/revisions"}],"wp:attachment":[{"href":"https:\/\/www.focolare.org\/fr\/wp-json\/wp\/v2\/media?parent=296646"}],"wp:term":[{"taxonomy":"category","embeddable":true,"href":"https:\/\/www.focolare.org\/fr\/wp-json\/wp\/v2\/categories?post=296646"},{"taxonomy":"post_tag","embeddable":true,"href":"https:\/\/www.focolare.org\/fr\/wp-json\/wp\/v2\/tags?post=296646"}],"curies":[{"name":"wp","href":"https:\/\/api.w.org\/{rel}","templated":true}]}}