{"id":296674,"date":"2005-01-12T23:00:00","date_gmt":"2005-01-12T22:00:00","guid":{"rendered":"https:\/\/www.focolare.org\/itgen-verde-nel-paese-del-sol-levanteengen-verde-in-japanesprimera-tournee-del-gen-verde-a-japon-por-invitacion-del-movimiento-budista-japones-rissho-kosei-kaiptgen-verde-no-japao\/"},"modified":"2024-05-13T20:56:54","modified_gmt":"2024-05-13T18:56:54","slug":"itgen-verde-nel-paese-del-sol-levanteengen-verde-in-japanesprimera-tournee-del-gen-verde-a-japon-por-invitacion-del-movimiento-budista-japones-rissho-kosei-kaiptgen-verde-no-japao","status":"publish","type":"post","link":"https:\/\/www.focolare.org\/fr\/itgen-verde-nel-paese-del-sol-levanteengen-verde-in-japanesprimera-tournee-del-gen-verde-a-japon-por-invitacion-del-movimiento-budista-japones-rissho-kosei-kaiptgen-verde-no-japao\/","title":{"rendered":"[:it]Gen Verde nel Paese del Sol Levante[:en]Gen Verde in Japan[:es]Primera Tourn\u00e9e del Gen Verde a Jap\u00f3n por invitaci\u00f3n del Movimiento budista japon\u00e9s Rissho Kosei Kai[:pt]Gen Verde no Jap\u00e3o"},"content":{"rendered":"<p><\/p>\n","protected":false},"excerpt":{"rendered":"<p>Una nueva p\u00e1gina de fraternidad<\/p>\n","protected":false},"author":34,"featured_media":0,"comment_status":"open","ping_status":"open","sticky":false,"template":"","format":"standard","meta":{"give_campaign_id":0,"_seopress_robots_primary_cat":"","_seopress_titles_title":"","_seopress_titles_desc":"","_seopress_robots_index":"","_et_pb_use_builder":"","_et_pb_old_content":"","_et_gb_content_width":"","footnotes":""},"categories":[47],"tags":[],"class_list":["post-296674","post","type-post","status-publish","format-standard","hentry","category-non-classifiee"],"_links":{"self":[{"href":"https:\/\/www.focolare.org\/fr\/wp-json\/wp\/v2\/posts\/296674","targetHints":{"allow":["GET"]}}],"collection":[{"href":"https:\/\/www.focolare.org\/fr\/wp-json\/wp\/v2\/posts"}],"about":[{"href":"https:\/\/www.focolare.org\/fr\/wp-json\/wp\/v2\/types\/post"}],"author":[{"embeddable":true,"href":"https:\/\/www.focolare.org\/fr\/wp-json\/wp\/v2\/users\/34"}],"replies":[{"embeddable":true,"href":"https:\/\/www.focolare.org\/fr\/wp-json\/wp\/v2\/comments?post=296674"}],"version-history":[{"count":0,"href":"https:\/\/www.focolare.org\/fr\/wp-json\/wp\/v2\/posts\/296674\/revisions"}],"wp:attachment":[{"href":"https:\/\/www.focolare.org\/fr\/wp-json\/wp\/v2\/media?parent=296674"}],"wp:term":[{"taxonomy":"category","embeddable":true,"href":"https:\/\/www.focolare.org\/fr\/wp-json\/wp\/v2\/categories?post=296674"},{"taxonomy":"post_tag","embeddable":true,"href":"https:\/\/www.focolare.org\/fr\/wp-json\/wp\/v2\/tags?post=296674"}],"curies":[{"name":"wp","href":"https:\/\/api.w.org\/{rel}","templated":true}]}}