{"id":296710,"date":"2005-02-12T23:00:00","date_gmt":"2005-02-12T22:00:00","guid":{"rendered":"https:\/\/www.focolare.org\/rapports-sociaux-et-fraternite-paradoxe-ou-modele-soutenable-une-perspective-a-partir-des-sciences-sociales\/"},"modified":"2024-05-13T20:56:58","modified_gmt":"2024-05-13T18:56:58","slug":"rapports-sociaux-et-fraternite-paradoxe-ou-modele-soutenable-une-perspective-a-partir-des-sciences-sociales","status":"publish","type":"post","link":"https:\/\/www.focolare.org\/fr\/rapports-sociaux-et-fraternite-paradoxe-ou-modele-soutenable-une-perspective-a-partir-des-sciences-sociales\/","title":{"rendered":"\u00ab Rapports sociaux et fraternit\u00e9 : paradoxe ou mod\u00e8le soutenable ? Une perspective \u00e0 partir des sciences sociales \u00bb"},"content":{"rendered":"<p>\u00a0A notre \u00e9poque marqu\u00e9e par le changement, plusieurs voix ont fait entendre lors du congr\u00e8s l\u2019urgence de ne plus <strong>focaliser l\u2019attention seulement sur les rapports sociaux contradictoires et conflictuels, mais sur les \u00ab rapports de concorde et de communion \u00bb <\/strong>qui existent dans la soci\u00e9t\u00e9 complexe actuelle. C\u2019est ce que Chiara Lubich a mis en \u00e9vidence dans son message o\u00f9 elle montre la fraternit\u00e9 comme \u00ab un principe spirituel qui est \u00e0 la fois une cat\u00e9gorie anthropologique, sociologique et politique capable d\u2019amorcer un processus de renouvellement global de la soci\u00e9t\u00e9 \u00bb. Cette proposition est n\u00e9e d\u2019une exp\u00e9rience qui s\u2019\u00e9tend sur plusieurs dizaines d\u2019ann\u00e9es, tant au niveau personnel qu\u2019\u00e0 celui des institutions politiques et des structures \u00e9conomiques.<\/p>\n<p><strong>Le congr\u00e8s a \u00e9t\u00e9 caract\u00e9ris\u00e9 par le dialogue, typique de la discipline sociologique, entre th\u00e9orie et exp\u00e9riences r\u00e9alis\u00e9es dans des contextes culturels et sociaux <\/strong>les plus diff\u00e9rents, comme celle du Centre culturel La Pira, de Florence, ouvert aux \u00e9tudiants \u00e9trangers de diverses cultures et religions ; celle d\u2019une communaut\u00e9 th\u00e9rapeutique italienne pour anciens drogu\u00e9s ; celle du Centre international pour la famille de la cit\u00e9-pilote de Loppiano (pr\u00e8s de Florence) ; et aussi l\u2019exp\u00e9rience d\u2019int\u00e9gration, \u00e0 Fontem, au c\u0153ur de la for\u00eat camerounaise, entre europ\u00e9ens au contact de la culture africaine et les Bangwa, un peuple profond\u00e9ment attach\u00e9 \u00e0 ses traditions.<\/p>\n<p align=\"justify\">Une lecture sociologique des diff\u00e9rentes exp\u00e9riences a mis en \u00e9vidence de nouveaux mod\u00e8les possibles, de nouveaux sch\u00e9mas d\u2019application, comme le <strong>\u00ab paradigme de l\u2019unit\u00e9 \u00bb <\/strong>dont a parl\u00e9 le professeur polonais Adam Biela, s\u00e9nateur et ancien pr\u00e9sident de la facult\u00e9 de sociologie de l\u2019universit\u00e9 de Lublin. Une cat\u00e9gorie d\u00e9velopp\u00e9e par la sociologue br\u00e9silienne Vera Araujo, comme <strong>paradigme d\u2019unit\u00e9-fraternit\u00e9,<\/strong> capable de lire les relations d\u2019unit\u00e9 et distinction, de r\u00e9ciprocit\u00e9, don et communion. A la conclusion du congr\u00e8s \u2013 et selon les termes de Vera Araujo \u2013 a \u00e9merg\u00e9 <strong>\u00ab une communaut\u00e9 scientifique naissante <\/strong>qui assume maintenant ces paradigmes, ces nouvelles strat\u00e9gies de recherche, pour \u00e9tudier ensemble de nouvelles perspectives pour les sciences sociologiques \u00bb.<\/p>\n","protected":false},"excerpt":{"rendered":"<p>Sociologie<\/p>\n","protected":false},"author":34,"featured_media":0,"comment_status":"open","ping_status":"open","sticky":false,"template":"","format":"standard","meta":{"give_campaign_id":0,"_seopress_robots_primary_cat":"","_seopress_titles_title":"","_seopress_titles_desc":"","_seopress_robots_index":"","_et_pb_use_builder":"","_et_pb_old_content":"","_et_gb_content_width":"","footnotes":""},"categories":[47],"tags":[],"class_list":["post-296710","post","type-post","status-publish","format-standard","hentry","category-non-classifiee"],"_links":{"self":[{"href":"https:\/\/www.focolare.org\/fr\/wp-json\/wp\/v2\/posts\/296710","targetHints":{"allow":["GET"]}}],"collection":[{"href":"https:\/\/www.focolare.org\/fr\/wp-json\/wp\/v2\/posts"}],"about":[{"href":"https:\/\/www.focolare.org\/fr\/wp-json\/wp\/v2\/types\/post"}],"author":[{"embeddable":true,"href":"https:\/\/www.focolare.org\/fr\/wp-json\/wp\/v2\/users\/34"}],"replies":[{"embeddable":true,"href":"https:\/\/www.focolare.org\/fr\/wp-json\/wp\/v2\/comments?post=296710"}],"version-history":[{"count":0,"href":"https:\/\/www.focolare.org\/fr\/wp-json\/wp\/v2\/posts\/296710\/revisions"}],"wp:attachment":[{"href":"https:\/\/www.focolare.org\/fr\/wp-json\/wp\/v2\/media?parent=296710"}],"wp:term":[{"taxonomy":"category","embeddable":true,"href":"https:\/\/www.focolare.org\/fr\/wp-json\/wp\/v2\/categories?post=296710"},{"taxonomy":"post_tag","embeddable":true,"href":"https:\/\/www.focolare.org\/fr\/wp-json\/wp\/v2\/tags?post=296710"}],"curies":[{"name":"wp","href":"https:\/\/api.w.org\/{rel}","templated":true}]}}