{"id":296754,"date":"2005-04-02T22:00:00","date_gmt":"2005-04-02T20:00:00","guid":{"rendered":"https:\/\/www.focolare.org\/du-monde-entier-un-choeur-unanime-demotion-de-gratitude-et-de-prieres-pour-le-pape\/"},"modified":"2024-05-13T20:57:15","modified_gmt":"2024-05-13T18:57:15","slug":"du-monde-entier-un-choeur-unanime-demotion-de-gratitude-et-de-prieres-pour-le-pape","status":"publish","type":"post","link":"https:\/\/www.focolare.org\/fr\/du-monde-entier-un-choeur-unanime-demotion-de-gratitude-et-de-prieres-pour-le-pape\/","title":{"rendered":"Du monde entier, un choeur unanime d\u2019\u00e9motion, de gratitude et de pri\u00e8res pour le Pape"},"content":{"rendered":"<p>&nbsp; <\/p>\n<p align=\"justify\">Du monde entier, les messages des membres du Mouvement affluent : c\u2019est un choeur unanime d\u2019\u00e9motion, de gratitude et de pri\u00e8res pour ce grand Pape.  Des voix auxquelles se joignent, avec une immense ferveur, celles de chr\u00e9tiens de diff\u00e9rentes Eglises et d\u2019amis des autres religions. Voici quelques-uns des premiers t\u00e9moignages re\u00e7us.   <strong>Allemagne \u2013 des Evang\u00e9liques  Cit\u00e9-pilote d\u2019Ottmaring, <\/strong>o\u00f9 cohabitent des membres du Mouvement des Focolari et de la fraternit\u00e9 \u00e9vang\u00e9lique Bruderschaft von gemeinsamen Leben :  Le pasteur Gottlob Hess (Fraternit\u00e9 de vie de communion): <em>\u201c Dans ses discours, le Pape part toujours de l\u2019Ecriture Sainte, ce qui est caract\u00e9ristique des Evang\u00e9liques et rend les messages du Pape compr\u00e9hensibles pour nous aussi. J\u2019admire son ouverture \u00e0 l\u2019\u00e9gard des impulsions novatrices venues des Mouvements et des communaut\u00e9s nouvelles, et je l\u2019admire pour l\u2019importance qu\u2019il donne \u00e0 l\u2019oecum\u00e9nisme\u201d.<\/em>  Walter Pollmer (Fraternit\u00e9 de la Croix) &#8211; <em>\u201cDe plus en plus, on a senti que Jean-Paul II voudrait acc\u00e9l\u00e9rer le processus oecum\u00e9nique. Pour lui l\u2019oecum\u00e9nisme n\u2019est pas marginal : il en a lui-m\u00eame donn\u00e9 un vibrant t\u00e9moignage.\u201d<\/em>  G\u00fcnter Rattey (Fraternit\u00e9 de la Croix): <em>\u201cJe suis reconnaissant \u00e0 Jean-Paul II pour son anthropologie \u2013 profond\u00e9ment biblique \u2013 qui fait justice \u00e0 l\u2019homme.\u201d<\/em>  <strong>Pour de nombreux \u00e9vang\u00e9liques, Jean-Paul II a donn\u00e9 un visage personnel et cr\u00e9dible \u00e0 la papaut\u00e9 : <\/strong>par son oeuvre infatigable pour l\u2019Eglise, pour l\u2019oecum\u00e9nisme et pour l\u2019humanit\u00e9 ; par la fa\u00e7on dont il a accept\u00e9 la souffrance et la maladie ; par ses multiples reconnaissances de fautes, au nom des catholiques, et ses demandes de pardon : <em>\u201cJean-Paul II nous a fait d\u00e9couvrir la papaut\u00e9 sous un jour nouveau.\u201d<\/em>   <strong>Argentine \u2013 des Juifs<\/strong>  Le pr\u00e9sident de l\u2019AMIA (Association mutuelle des Juifs d\u2019Argentine), Abraham Kaul: <em>\u201cLe Pape est celui qui a le plus oeuvr\u00e9 au dialogue jud\u00e9o-chr\u00e9tien. Sa grandeur a \u00e9t\u00e9 d\u2019avoir demand\u00e9 pardon pour les erreurs commises dans le pass\u00e9, et, <strong>de m\u00eame qu\u2019il nous a qualifi\u00e9s de \u2018fr\u00e8res a\u00een\u00e9s\u2019, nous pouvons dire qu\u2019aujourd\u2019hui, est en train de mourir Jean-Paul II, \u2018notre fr\u00e8re A\u00een\u00e9\u2019\u201d.<\/strong><\/em>  <strong>Japon \u2013 des Bouddhistes<\/strong>  Un bouddhiste qui est venu \u00e0 Rome et a rencontr\u00e9 le Pape : <em>\u201cMa fille, qui a maintenant 9 ans, a re\u00e7u, toute petite, une caresse du Pape sur la t\u00eate. Aujourd\u2019hui encore, je garde un vif souvenir de Jean-Paul II, qui nous a manifest\u00e9 tant de chaleur, bien que nous ne soyons pas chr\u00e9tiens. <strong>Je veux moi aussi, en tant qu\u2019homme, vivre ma vie \u00e0 l\u2019unisson avec le coeur du Pape. <\/strong>Tout ce que je voudrais Lui dire, c\u2019est \u2018Merci\u2019. Et qu\u2019il repose en paix.\u201d<\/em>  <strong>Thailande \u2013 des Bouddhistes<\/strong>  Le moine Phramaha Thongrat nous a t\u00e9l\u00e9phon\u00e9, hier, et nous a dit : <strong><em>\u201cle Pape n\u2019est pas seulement un grand fr\u00e8re ; c\u2019est aussi mon P\u00e8re !\u201d<\/em><\/strong>  <strong>Liban \u2013 un Druze musulman<\/strong>  Imad vit \u00e0 Carrare (Italie) : <em>\u201cMon coeur pleure pour ce Pape qui a tant donn\u00e9, et \u00e0 moi surtout. J\u2019ai senti tout son amour pour ma terre\u2026 que son cri de paix soit entendu !\u201d<\/em>  <strong>Alg\u00e9rie \u2013 des Musulmans<\/strong>  S. et R. (un couple musulman) se souviennent de son voyage au Maroc, o\u00f9 il avait fortement impressionn\u00e9 par son ouverture d\u2019esprit \u00e0 l\u2019\u00e9gard des 10 000 jeunes, pr\u00e9sents \u00e0 Casablanca. Ce matin, ils nous ont dit : <em>\u00ab Le Pape est un saint ! Il a fait beaucoup pour le monde, il a eu beaucoup de courage. Il a fait tout ce que Dieu voulait. Il \u00e9tait contre les divisions et les guerres. Il a \u00e9t\u00e9 pour nous un P\u00e8re. \u00bb <\/em>  <strong>USA \u2013 des Musulmans<\/strong>  Malik Shabazz, Imam de la mosqu\u00e9e de Beacon (Etat de New York): <em>\u201cLe Pape Jean-Paul II est un des grands signes historiques et merveilleux de l\u2019amour du Grand Mis\u00e9ricordieux, du Grand Bienfaiteur, envers l\u2019humanit\u00e9. Jean-Paul II, par sa d\u00e9fense courageuse de la libert\u00e9, de la justice et de l\u2019\u00e9galit\u00e9 entre tous les membres de la famille humaine, nous a rappel\u00e9 notre propre responsabilit\u00e9, individuelle et collective, d\u2019utiliser les ressources que Dieu nous a donn\u00e9es pour le bien de l\u2019humanit\u00e9.\u201d<\/em>   <\/p>\n","protected":false},"excerpt":{"rendered":"<p>Le Pape et le Mouvement &#8211; 2<\/p>\n","protected":false},"author":34,"featured_media":0,"comment_status":"open","ping_status":"open","sticky":false,"template":"","format":"standard","meta":{"give_campaign_id":0,"_seopress_robots_primary_cat":"","_seopress_titles_title":"","_seopress_titles_desc":"","_seopress_robots_index":"","_et_pb_use_builder":"","_et_pb_old_content":"","_et_gb_content_width":"","footnotes":""},"categories":[47],"tags":[],"class_list":["post-296754","post","type-post","status-publish","format-standard","hentry","category-non-classifiee"],"_links":{"self":[{"href":"https:\/\/www.focolare.org\/fr\/wp-json\/wp\/v2\/posts\/296754","targetHints":{"allow":["GET"]}}],"collection":[{"href":"https:\/\/www.focolare.org\/fr\/wp-json\/wp\/v2\/posts"}],"about":[{"href":"https:\/\/www.focolare.org\/fr\/wp-json\/wp\/v2\/types\/post"}],"author":[{"embeddable":true,"href":"https:\/\/www.focolare.org\/fr\/wp-json\/wp\/v2\/users\/34"}],"replies":[{"embeddable":true,"href":"https:\/\/www.focolare.org\/fr\/wp-json\/wp\/v2\/comments?post=296754"}],"version-history":[{"count":0,"href":"https:\/\/www.focolare.org\/fr\/wp-json\/wp\/v2\/posts\/296754\/revisions"}],"wp:attachment":[{"href":"https:\/\/www.focolare.org\/fr\/wp-json\/wp\/v2\/media?parent=296754"}],"wp:term":[{"taxonomy":"category","embeddable":true,"href":"https:\/\/www.focolare.org\/fr\/wp-json\/wp\/v2\/categories?post=296754"},{"taxonomy":"post_tag","embeddable":true,"href":"https:\/\/www.focolare.org\/fr\/wp-json\/wp\/v2\/tags?post=296754"}],"curies":[{"name":"wp","href":"https:\/\/api.w.org\/{rel}","templated":true}]}}