{"id":296918,"date":"2005-12-24T23:00:00","date_gmt":"2005-12-24T22:00:00","guid":{"rendered":"https:\/\/www.focolare.org\/noel-2005-nouvel-an-2006\/"},"modified":"2024-05-13T20:57:57","modified_gmt":"2024-05-13T18:57:57","slug":"noel-2005-nouvel-an-2006","status":"publish","type":"post","link":"https:\/\/www.focolare.org\/fr\/noel-2005-nouvel-an-2006\/","title":{"rendered":"No\u00ebl 2005 &#8211; Nouvel An 2006"},"content":{"rendered":"<p>\u00a0<img loading=\"lazy\" decoding=\"async\" src=\"http:\/\/2010.focolare.org\/layout\/foto2005\/051220-01.jpg\" alt=\"\" width=\"209\" height=\"156\" align=\"left\" border=\"0\" hspace=\"5\" vspace=\"5\" \/>C\u2019est No\u00ebl !<\/p>\n<p>Les vitrines des magasins sont d\u00e9cor\u00e9es pour les f\u00eates \u2013 orn\u00e9es de boules dor\u00e9es, de petits sapins de No\u00ebl \u2013 et exposent de somptueux cadeaux. La nuit, les rues scintillent d\u2019\u00e9toiles filantes ou de com\u00e8tes. Le long des trottoirs, les branches des arbres sont charg\u00e9es de lumi\u00e8res multicolores, cr\u00e9ant une atmosph\u00e8re f\u00e9erique.<br \/> L\u2019attente est dans l\u2019air et tout le monde la ressent.<\/p>\n<p>No\u00ebl n\u2019est pas uniquement le souvenir traditionnel de la naissance d\u2019un enfant il y a 2005 ans\u2026 No\u00ebl est vivant ! Et non seulement dans les \u00e9glises avec la cr\u00e8che, mais aussi dans les relations entre les personnes, marqu\u00e9es par l\u2019atmosph\u00e8re de joie, d\u2019amiti\u00e9, de bont\u00e9 que cette f\u00eate cr\u00e9e chaque ann\u00e9e.<\/p>\n<p>Pourtant le monde est encore afflig\u00e9 par d\u2019\u00e9normes probl\u00e8mes : pauvret\u00e9 jusqu\u2019\u00e0 la famine, tremblement de terre au Pakistan, des dizaines de guerres, le terrorisme, la haine entre ethnies, mais aussi entre groupes et entre personnes\u2026<\/p>\n<p>Le monde a besoin de l\u2019Amour ! Il a besoin que J\u00e9sus revienne en pl\u00e9nitude !<br \/> L\u2019Enfant-J\u00e9sus est toujours l\u2019immense don du P\u00e8re \u00e0 l\u2019humanit\u00e9, m\u00eame si tous ne le reconnaissent pas.<\/p>\n<p>Que devons-nous faire ? Exprimer, pour eux aussi, notre gratitude au P\u00e8re. F\u00eater No\u00ebl et renouveler notre foi dans le petit enfant-Dieu venu nous sauver, venu cr\u00e9er une nouvelle famille de fr\u00e8res unis par l\u2019amour, une famille qui s\u2019\u00e9tend \u00e0 toute la Terre.<br \/> Regardons autour de nous\u2026 Que notre amour s\u2019adresse \u00e0 tous, mais en particulier \u00e0 ceux qui souffrent, qui sont dans le besoin, seuls, d\u00e9munis, sans d\u00e9fense ou malades\u2026 Que l\u2019affection et les biens partag\u00e9s avec eux manifestent la beaut\u00e9 d\u2019une famille o\u00f9 l\u2019on est vraiment fr\u00e8res, d\u2019une famille qui, unie, f\u00eate No\u00ebl mais ne s\u2019arr\u00eate pas l\u00e0.<br \/> Qui pourra r\u00e9sister \u00e0 la puissance de l\u2019amour ?<\/p>\n<p>Dans la lumi\u00e8re de No\u00ebl, posons des gestes, suscitons des actions concr\u00e8tes. Ce rem\u00e8de aux maux de toutes sortes sera, certes, minime, mais appliqu\u00e9 \u00e0 grande \u00e9chelle, il apportera lumi\u00e8re et esp\u00e9rance pour la solution des graves probl\u00e8mes de notre temps.<\/p>\n<p>Joyeux No\u00ebl \u00e0 tous !<\/p>\n<p><em>Chiara Lubich<\/em><\/p>\n","protected":false},"excerpt":{"rendered":"<p>Joyeux No\u00ebl et Bonne Ann\u00e9e<\/p>\n<p>C\u2019est No\u00ebl ! <\/p>\n<p>Les vitrines des magasins sont d\u00e9cor\u00e9es pour les f\u00eates \u2013 orn\u00e9es de boules dor\u00e9es, de petits sapins de No\u00ebl \u2013 et exposent de somptueux cadeaux. La nuit, les rues scintillent d\u2019\u00e9toiles filantes ou de com\u00e8tes. Le long des trottoirs, les branches des arbres sont charg\u00e9es de lumi\u00e8res multicolores, cr\u00e9ant une atmosph\u00e8re f\u00e9erique.<br \/>\nL\u2019attente est dans l\u2019air et tout le monde la ressent. <\/p>\n<p>No\u00ebl n\u2019est pas uniquement le souvenir traditionnel de la naissance d\u2019un enfant il y a 2005 ans\u2026 No\u00ebl est vivant ! Et non seulement dans les \u00e9glises avec la cr\u00e8che, mais aussi dans les relations entre les personnes, marqu\u00e9es par l\u2019atmosph\u00e8re de joie, d\u2019amiti\u00e9, de bont\u00e9 que cette f\u00eate cr\u00e9e chaque ann\u00e9e. <\/p>\n<p>Pourtant le monde est encore afflig\u00e9 par d\u2019\u00e9normes probl\u00e8mes : pauvret\u00e9 jusqu\u2019\u00e0 la famine, tremblement de terre au Pakistan, des dizaines de guerres, le terrorisme, la haine entre ethnies, mais aussi entre groupes et entre personnes\u2026 <\/p>\n<p>Le monde a besoin de l\u2019Amour ! Il a besoin que J\u00e9sus revienne en pl\u00e9nitude !<br \/>\nL\u2019Enfant-J\u00e9sus est toujours l\u2019immense don du P\u00e8re \u00e0 l\u2019humanit\u00e9, m\u00eame si tous ne le reconnaissent pas. <\/p>\n<p>Que devons-nous faire ? Exprimer, pour eux aussi, notre gratitude au P\u00e8re. F\u00eater No\u00ebl et renouveler notre foi dans le petit enfant-Dieu venu nous sauver, venu cr\u00e9er une nouvelle famille de fr\u00e8res unis par l\u2019amour, une famille qui s\u2019\u00e9tend \u00e0 toute la Terre.<br \/>\nRegardons autour de nous\u2026 Que notre amour s\u2019adresse \u00e0 tous, mais en particulier \u00e0 ceux qui souffrent, qui sont dans le besoin, seuls, d\u00e9munis, sans d\u00e9fense ou malades\u2026 Que l\u2019affection et les biens partag\u00e9s avec eux manifestent la beaut\u00e9 d\u2019une famille o\u00f9 l\u2019on est vraiment fr\u00e8res, d\u2019une famille qui, unie, f\u00eate No\u00ebl mais ne s\u2019arr\u00eate pas l\u00e0.<br \/>\nQui pourra r\u00e9sister \u00e0 la puissance de l\u2019amour ? <\/p>\n<p>Dans la lumi\u00e8re de No\u00ebl, posons des gestes, suscitons des actions concr\u00e8tes. Ce rem\u00e8de aux maux de toutes sortes sera, certes, minime, mais appliqu\u00e9 \u00e0 grande \u00e9chelle, il apportera lumi\u00e8re et esp\u00e9rance pour la solution des graves probl\u00e8mes de notre temps. <\/p>\n<p>Joyeux No\u00ebl \u00e0 tous ! <\/p>\n<p>Chiara Lubich<\/p>\n","protected":false},"author":34,"featured_media":0,"comment_status":"open","ping_status":"open","sticky":false,"template":"","format":"standard","meta":{"give_campaign_id":0,"_seopress_robots_primary_cat":"","_seopress_titles_title":"","_seopress_titles_desc":"","_seopress_robots_index":"","_et_pb_use_builder":"","_et_pb_old_content":"","_et_gb_content_width":"","footnotes":""},"categories":[47],"tags":[],"class_list":["post-296918","post","type-post","status-publish","format-standard","hentry","category-non-classifiee"],"_links":{"self":[{"href":"https:\/\/www.focolare.org\/fr\/wp-json\/wp\/v2\/posts\/296918","targetHints":{"allow":["GET"]}}],"collection":[{"href":"https:\/\/www.focolare.org\/fr\/wp-json\/wp\/v2\/posts"}],"about":[{"href":"https:\/\/www.focolare.org\/fr\/wp-json\/wp\/v2\/types\/post"}],"author":[{"embeddable":true,"href":"https:\/\/www.focolare.org\/fr\/wp-json\/wp\/v2\/users\/34"}],"replies":[{"embeddable":true,"href":"https:\/\/www.focolare.org\/fr\/wp-json\/wp\/v2\/comments?post=296918"}],"version-history":[{"count":0,"href":"https:\/\/www.focolare.org\/fr\/wp-json\/wp\/v2\/posts\/296918\/revisions"}],"wp:attachment":[{"href":"https:\/\/www.focolare.org\/fr\/wp-json\/wp\/v2\/media?parent=296918"}],"wp:term":[{"taxonomy":"category","embeddable":true,"href":"https:\/\/www.focolare.org\/fr\/wp-json\/wp\/v2\/categories?post=296918"},{"taxonomy":"post_tag","embeddable":true,"href":"https:\/\/www.focolare.org\/fr\/wp-json\/wp\/v2\/tags?post=296918"}],"curies":[{"name":"wp","href":"https:\/\/api.w.org\/{rel}","templated":true}]}}