{"id":296930,"date":"2006-01-19T23:00:00","date_gmt":"2006-01-19T22:00:00","guid":{"rendered":"https:\/\/www.focolare.org\/leveque-lutherien-christian-krause-recoit-le-prix-klaus-hemmerle\/"},"modified":"2024-05-13T20:57:58","modified_gmt":"2024-05-13T18:57:58","slug":"leveque-lutherien-christian-krause-recoit-le-prix-klaus-hemmerle","status":"publish","type":"post","link":"https:\/\/www.focolare.org\/fr\/leveque-lutherien-christian-krause-recoit-le-prix-klaus-hemmerle\/","title":{"rendered":"L&rsquo;\u00e9v\u00eaque luth\u00e9rien Christian Krause re\u00e7oit le prix \u00ab\u00a0Klaus Hemmerle\u00a0\u00bb"},"content":{"rendered":"<p>\u00a0\u00a0<img loading=\"lazy\" decoding=\"async\" src=\"http:\/\/2010.focolare.org\/layout\/foto2006\/060119-02.jpg\" alt=\"\" width=\"200\" height=\"200\" align=\"left\" border=\"0\" hspace=\"5\" vspace=\"5\" \/>Le Prix Klaus Hemmerl\u00e9 est donc conf\u00e9r\u00e9 cette ann\u00e9e \u00e0 l&rsquo;\u00e9v\u00eaque luth\u00e9rien Christian Krause, personnalit\u00e9 du dialogue oecum\u00e9nique. Il lui a \u00e9t\u00e9 remis officiellement le 20 janvier, au d\u00f4me imp\u00e9rial d&rsquo;Aix la Chapelle en Allemagne. Ce prix rev\u00eat pour le laur\u00e9at une signification toute particuli\u00e8re : \u00ab\u00a0C&rsquo;est un prix, a-t-il d\u00e9clar\u00e9 &#8211; qui me touche profond\u00e9ment car il rappelle le souvenir d&rsquo;une personne exceptionnelle : Mgr Klaus Hemmerle.\u00a0\u00bb  C&rsquo;est la seconde fois que ce prix est attribu\u00e9, en souvenir de l&rsquo;\u00e9v\u00eaque d&rsquo;Aix la Chapelle \u00e0 pr\u00e9sent d\u00e9c\u00e9d\u00e9 : un pionnier de la vie oecum\u00e9nique de l&rsquo;Eglise allemande et, en m\u00eame temps, grand th\u00e9ologien qui disait avoir trouv\u00e9 chez les Focolari sa \u00ab\u00a0lymphe vitale\u00a0\u00bb. La premi\u00e8re \u00e9dition du prix avait r\u00e9compens\u00e9, en 2003, le professeur juif Ernst-Ludwig Ehrlich. Cette seconde \u00e9dition a choisi comme laur\u00e9at une personnalit\u00e9 \u00e9minente de l&rsquo;Eglise luth\u00e9rienne et un passionn\u00e9 de l&rsquo;oecum\u00e9nisme.  &nbsp;  Christian Krause, ami personnel de Klaus Hemmerle, a \u00e9t\u00e9 dans les circonstances les plus vari\u00e9es de sa vie un constructeur de ponts.  En 1971, est appel\u00e9 par la F\u00e9d\u00e9ration luth\u00e9rienne mondiale \u00e0 diriger un grand projet en faveur des r\u00e9fugi\u00e9s en Tanzanie. De 1972 \u00e0 1985, les relations ext\u00e9rieures de l&rsquo;Eglise Evang\u00e9lique Luth\u00e9rienne en Allemagne lui sont confi\u00e9es. A ce poste puis, plus tard, comme secr\u00e9taire g\u00e9n\u00e9ral de la \u00ab\u00a0Journ\u00e9e \u00e9vang\u00e9lique de l&rsquo;Eglise\u00a0\u00bb (1985-1994), il se consacre avec beaucoup d&rsquo;\u00e9nergie \u00e0 l&rsquo;oecum\u00e9nisme et \u00e0 la solidarit\u00e9, au niveau mondial. Une amiti\u00e9 profonde le lie \u00e0 de nombreux chr\u00e9tiens dans le monde entier, notamment en Afrique, en Asie et en Am\u00e9rique Latine. Un des fruits de cette confiance qui lui est faite, est qu&rsquo;apr\u00e8s sa cons\u00e9cration comme \u00e9v\u00eaque de l&rsquo;Eglise r\u00e9gionale du Braunschweig, au cours de la r\u00e9union pl\u00e9ni\u00e8re de la F\u00e9d\u00e9ration luth\u00e9rienne mondiale \u00e0 Hong Kong, en 1997, il en est \u00e9lu pr\u00e9sident. C&rsquo;est \u00e0 cette fonction qu&rsquo;en 1999, il signe \u00e0 Augsbourg, la D\u00e9claration conjointe sur la Doctrine de la justification, avec le cardinal de l&rsquo;Eglise catholique, Edward I. Cassidy.  &nbsp;  A ce jour, Christian Krause dirige le Centre luth\u00e9rien de Wittenberg, en Allemagne, ville d&rsquo;o\u00f9 partit, en 1517, la R\u00e9forme de Luther. L&rsquo;id\u00e9e qui a donn\u00e9 vie \u00e0 ce Centre est de pouvoir donner au \u00ab\u00a0tourisme luth\u00e9rien\u00a0\u00bb qui se d\u00e9veloppe \u00ab\u00a0un souffle spirituel, oecum\u00e9nique et mondial\u00a0\u00bb. Pour l&rsquo;avenir de l&rsquo;Eglise, l&rsquo;\u00e9v\u00eaque luth\u00e9rien, souhaite que des relations nouvelles s&rsquo;instaurent entre la hi\u00e9rarchie et les mouvements et charismes nouveaux. \u00ab\u00a0Il pourrait en na\u00eetre, affirme-t-il, une compr\u00e9hension de l&rsquo;Eglise toute nouvelle.\u00a0\u00bb Son mod\u00e8le pour l&rsquo;oecum\u00e9nisme est le m\u00eame que celui de Mgr Klaus Hemmerle : \u00ab\u00a0Nous devons apprendre, \u00e0 tous les niveaux, \u00e0 devenir des amis et \u00e0 nous traiter comme tels.\u00a0\u00bb  <em>(de Joachim Schwind &#8211; Revue Citt\u00e0 Nuova \u2013 n. 1\/06) <\/em><\/p>\n","protected":false},"excerpt":{"rendered":"<p>Se le asigna a los \u00abconstructores de puentes que favorecen el di\u00e1logo entre las Iglesias, las religiones y los diversos puntos de vista sobre el mundo<\/p>\n","protected":false},"author":34,"featured_media":0,"comment_status":"open","ping_status":"open","sticky":false,"template":"","format":"standard","meta":{"give_campaign_id":0,"_seopress_robots_primary_cat":"","_seopress_titles_title":"","_seopress_titles_desc":"","_seopress_robots_index":"","_et_pb_use_builder":"","_et_pb_old_content":"","_et_gb_content_width":"","footnotes":""},"categories":[47],"tags":[],"class_list":["post-296930","post","type-post","status-publish","format-standard","hentry","category-non-classifiee"],"_links":{"self":[{"href":"https:\/\/www.focolare.org\/fr\/wp-json\/wp\/v2\/posts\/296930","targetHints":{"allow":["GET"]}}],"collection":[{"href":"https:\/\/www.focolare.org\/fr\/wp-json\/wp\/v2\/posts"}],"about":[{"href":"https:\/\/www.focolare.org\/fr\/wp-json\/wp\/v2\/types\/post"}],"author":[{"embeddable":true,"href":"https:\/\/www.focolare.org\/fr\/wp-json\/wp\/v2\/users\/34"}],"replies":[{"embeddable":true,"href":"https:\/\/www.focolare.org\/fr\/wp-json\/wp\/v2\/comments?post=296930"}],"version-history":[{"count":0,"href":"https:\/\/www.focolare.org\/fr\/wp-json\/wp\/v2\/posts\/296930\/revisions"}],"wp:attachment":[{"href":"https:\/\/www.focolare.org\/fr\/wp-json\/wp\/v2\/media?parent=296930"}],"wp:term":[{"taxonomy":"category","embeddable":true,"href":"https:\/\/www.focolare.org\/fr\/wp-json\/wp\/v2\/categories?post=296930"},{"taxonomy":"post_tag","embeddable":true,"href":"https:\/\/www.focolare.org\/fr\/wp-json\/wp\/v2\/tags?post=296930"}],"curies":[{"name":"wp","href":"https:\/\/api.w.org\/{rel}","templated":true}]}}