{"id":296986,"date":"2006-03-24T23:00:00","date_gmt":"2006-03-24T22:00:00","guid":{"rendered":"https:\/\/www.focolare.org\/50-anniversaire-de-citta-nuova-villes-en-dialogue-villes-de-la-fraternite\/"},"modified":"2024-05-13T20:58:04","modified_gmt":"2024-05-13T18:58:04","slug":"50-anniversaire-de-citta-nuova-villes-en-dialogue-villes-de-la-fraternite","status":"publish","type":"post","link":"https:\/\/www.focolare.org\/fr\/50-anniversaire-de-citta-nuova-villes-en-dialogue-villes-de-la-fraternite\/","title":{"rendered":"50\u00b0 anniversaire de Citt\u00e0 Nuova : villes en dialogue, villes de la fraternit\u00e9"},"content":{"rendered":"<p>&nbsp;  \u00a0<em><img loading=\"lazy\" decoding=\"async\" src=\"http:\/\/2010.focolare.org\/layout\/foto2006\/060323-01.jpg\" alt=\"\" width=\"200\" height=\"200\" align=\"left\" border=\"0\" hspace=\"5\" vspace=\"5\" \/>\u00abEn regardant nos villes, ce qui attire l\u2019homme d\u2019aujourd\u2019hui, dans ses exigences les plus profondes, c\u2019est vraiment cette \u201cnouvelle cit\u00e9\u201d, celle ville de la fraternit\u00e9 qui rend fr\u00e8res au-del\u00e0 de toute division. La revue Citt\u00e0 Nuova veut \u00eatre un chemin de fraternit\u00e9, instrument de dialogue \u00e0 tous les niveaux, de communion, d\u2019unit\u00e9.\u00bb <\/em>C\u2019est ce qu\u2019\u00e9crivait Chiara Lubich dans l\u2019\u00e9ditorial du premier num\u00e9ro de 2006, ann\u00e9e du 50e anniversaire de la revue des Focolari.  Et pour appuyer cette nouvelle perspective aux principales villes italiennes, Citt\u00e0 Nuova a pr\u00e9par\u00e9 un calendrier de rendez-vous. Parmi les premi\u00e8res \u00e9tapes : Rome et Milan.  <strong>Milan : des signes visibles de fraternit\u00e9<\/strong>  Une nouvelle mani\u00e8re de \u2018vivre la ville\u2019 : devenir des \u00ab citoyens \u00e0 part enti\u00e8re, capables de regarder en face la r\u00e9alit\u00e9 et, en m\u00eame temps, de modifier le cours des \u00e9v\u00e9nements, en commen\u00e7ant \u00e0 faire des projets en partant de la rencontre de l\u2019autre.\u00bb C\u2019est la proposition lanc\u00e9e le 11 mars dernier par Lucia Fronza Crepaz, pr\u00e9sidente du Mouvement pour l\u2019unit\u00e9 en politique, en pr\u00e9sence de 1600 personnes mass\u00e9es dans le grand amphith\u00e9\u00e2tre de l\u2019universit\u00e9 d\u2019Etat. En effet, \u00abla tol\u00e9rance n\u2019est pas suffisante\u00bb. Comme l\u2019a affirm\u00e9 la sociologue br\u00e9silienne Vera Araujo, il devient n\u00e9cessaire d\u2019aller jusqu\u2019au don de soi aux autres, \u00e0 la solidarit\u00e9, jusqu\u2019\u00e0 parvenir \u00e0 la fraternit\u00e9 universelle.  \u00abNous devons passer d\u2019une culture qui a privil\u00e9gi\u00e9 le \u2018quoi\u2019?, la substance, \u00e0 une culture qui mette au centre le \u2018qui\u2019?, la personne, l\u2019homme dans sa vocation de personne, dans cette communion qui d\u00e9passe l\u2019individualit\u00e9\u00bb, a affirm\u00e9 le Pr Giuseppe Maria Zangh\u00ec, philosophe, au Centre d\u2019\u00e9tudes interdisciplinaire du mouvement des Focolari. L\u2019invitation est de \u00absortir de la fermeture de nos lieux compartiment\u00e9s pour aller vers l\u2019ouverture infinie qu\u2019est l\u2019amour. Nous devrions donner \u00e0 nos villes de pierre la clart\u00e9 et le souffle du jardin d\u2019Eden retrouv\u00e9 dans les espaces de la vie trinitaire.\u00bb  <strong>Rome : suite du parcours<\/strong> L\u2019\u00e9dition romaine est inscrite sur le calendrier, au 25 mars, 16 heures. Le rendez-vous est pr\u00e9vu dans les locaux de l\u2019universit\u00e9 de Rome III, sous le patronage de la Commune de Rome, et il porte sur le tissu citadin et les dynamiques locales qui font de Rome une ville universelle. C\u2019est ce qu\u2019indique le titre de la rencontre : \u201cRome, ville en dialogue : entre dynamiques locales et perspectives universelles.\u201d Il s\u2019agit de la suite d\u2019un parcours d\u00e9j\u00e0 commenc\u00e9 depuis des ann\u00e9es dans la capitale : il vise \u00e0 accro\u00eetre le dialogue avec la ville, la pr\u00e9sence active sur le territoire. Avec les acteurs d\u2019exp\u00e9riences concr\u00e8tes v\u00e9cues dans la ville, un expert des mass media (Giampiero Gamaleri), un sociologue (Bennie Callebaut) et un journaliste (Michele Zanzucchi), offriront des pistes de r\u00e9flexion sur le d\u00e9fi multiculturel actuel.<\/p>\n","protected":false},"excerpt":{"rendered":"<p>Una proposta al centro degli appuntamenti nelle principali citt\u00e0 italiane promossi in occasione del 50\u00b0 del periodico di opinione dei Focolari. Tra le prime tappe, Milano e Roma.<\/p>\n","protected":false},"author":34,"featured_media":0,"comment_status":"open","ping_status":"open","sticky":false,"template":"","format":"standard","meta":{"give_campaign_id":0,"_seopress_robots_primary_cat":"","_seopress_titles_title":"","_seopress_titles_desc":"","_seopress_robots_index":"","_et_pb_use_builder":"","_et_pb_old_content":"","_et_gb_content_width":"","footnotes":""},"categories":[47],"tags":[],"class_list":["post-296986","post","type-post","status-publish","format-standard","hentry","category-non-classifiee"],"_links":{"self":[{"href":"https:\/\/www.focolare.org\/fr\/wp-json\/wp\/v2\/posts\/296986","targetHints":{"allow":["GET"]}}],"collection":[{"href":"https:\/\/www.focolare.org\/fr\/wp-json\/wp\/v2\/posts"}],"about":[{"href":"https:\/\/www.focolare.org\/fr\/wp-json\/wp\/v2\/types\/post"}],"author":[{"embeddable":true,"href":"https:\/\/www.focolare.org\/fr\/wp-json\/wp\/v2\/users\/34"}],"replies":[{"embeddable":true,"href":"https:\/\/www.focolare.org\/fr\/wp-json\/wp\/v2\/comments?post=296986"}],"version-history":[{"count":0,"href":"https:\/\/www.focolare.org\/fr\/wp-json\/wp\/v2\/posts\/296986\/revisions"}],"wp:attachment":[{"href":"https:\/\/www.focolare.org\/fr\/wp-json\/wp\/v2\/media?parent=296986"}],"wp:term":[{"taxonomy":"category","embeddable":true,"href":"https:\/\/www.focolare.org\/fr\/wp-json\/wp\/v2\/categories?post=296986"},{"taxonomy":"post_tag","embeddable":true,"href":"https:\/\/www.focolare.org\/fr\/wp-json\/wp\/v2\/tags?post=296986"}],"curies":[{"name":"wp","href":"https:\/\/api.w.org\/{rel}","templated":true}]}}