{"id":297068,"date":"2006-09-21T22:00:00","date_gmt":"2006-09-21T20:00:00","guid":{"rendered":"https:\/\/www.focolare.org\/itcomunione-nella-diversita-per-un-mondo-pacificatoencommunion-in-diversity-for-a-peaceful-worldescomunion-en-la-diversidad-para-un-mundo-pacificadoptcomunhao-na-diversidade-por-um-mundo-d\/"},"modified":"2024-05-13T20:58:24","modified_gmt":"2024-05-13T18:58:24","slug":"itcomunione-nella-diversita-per-un-mondo-pacificatoencommunion-in-diversity-for-a-peaceful-worldescomunion-en-la-diversidad-para-un-mundo-pacificadoptcomunhao-na-diversidade-por-um-mundo-d","status":"publish","type":"post","link":"https:\/\/www.focolare.org\/fr\/itcomunione-nella-diversita-per-un-mondo-pacificatoencommunion-in-diversity-for-a-peaceful-worldescomunion-en-la-diversidad-para-un-mundo-pacificadoptcomunhao-na-diversidade-por-um-mundo-d\/","title":{"rendered":"[:it]Comunione nella diversit\u00e0 per un mondo pacificato[:en]Communion in diversity for a peaceful world[:es]Comuni\u00f3n en la diversidad para un mundo pacificado[:pt]Comunh\u00e3o na diversidade por um mundo de paz"},"content":{"rendered":"<p><\/p>\n","protected":false},"excerpt":{"rendered":"<p>La experiencia de m\u00e1s de 40 obispos de 22 Iglesias de los 5 continentes en estos d\u00edas en Castelgandolfo para el 25\u00b0 Congreso ecum\u00e9nico<\/p>\n","protected":false},"author":34,"featured_media":0,"comment_status":"open","ping_status":"open","sticky":false,"template":"","format":"standard","meta":{"give_campaign_id":0,"_seopress_robots_primary_cat":"","_seopress_titles_title":"","_seopress_titles_desc":"","_seopress_robots_index":"","_et_pb_use_builder":"","_et_pb_old_content":"","_et_gb_content_width":"","footnotes":""},"categories":[47],"tags":[],"class_list":["post-297068","post","type-post","status-publish","format-standard","hentry","category-non-classifiee"],"_links":{"self":[{"href":"https:\/\/www.focolare.org\/fr\/wp-json\/wp\/v2\/posts\/297068","targetHints":{"allow":["GET"]}}],"collection":[{"href":"https:\/\/www.focolare.org\/fr\/wp-json\/wp\/v2\/posts"}],"about":[{"href":"https:\/\/www.focolare.org\/fr\/wp-json\/wp\/v2\/types\/post"}],"author":[{"embeddable":true,"href":"https:\/\/www.focolare.org\/fr\/wp-json\/wp\/v2\/users\/34"}],"replies":[{"embeddable":true,"href":"https:\/\/www.focolare.org\/fr\/wp-json\/wp\/v2\/comments?post=297068"}],"version-history":[{"count":0,"href":"https:\/\/www.focolare.org\/fr\/wp-json\/wp\/v2\/posts\/297068\/revisions"}],"wp:attachment":[{"href":"https:\/\/www.focolare.org\/fr\/wp-json\/wp\/v2\/media?parent=297068"}],"wp:term":[{"taxonomy":"category","embeddable":true,"href":"https:\/\/www.focolare.org\/fr\/wp-json\/wp\/v2\/categories?post=297068"},{"taxonomy":"post_tag","embeddable":true,"href":"https:\/\/www.focolare.org\/fr\/wp-json\/wp\/v2\/tags?post=297068"}],"curies":[{"name":"wp","href":"https:\/\/api.w.org\/{rel}","templated":true}]}}