{"id":297124,"date":"2006-12-19T23:00:00","date_gmt":"2006-12-19T22:00:00","guid":{"rendered":"https:\/\/www.focolare.org\/bresil-la-fraternite-dans-laction-politique-pour-preparer-lavenir\/"},"modified":"2024-05-13T20:58:31","modified_gmt":"2024-05-13T18:58:31","slug":"bresil-la-fraternite-dans-laction-politique-pour-preparer-lavenir","status":"publish","type":"post","link":"https:\/\/www.focolare.org\/fr\/bresil-la-fraternite-dans-laction-politique-pour-preparer-lavenir\/","title":{"rendered":"Br\u00e9sil : la fraternit\u00e9 dans l\u2019action politique pour pr\u00e9parer l\u2019avenir"},"content":{"rendered":"<p><a rel=\"attachment wp-att-52509\" href=\"https:\/\/www.focolare.org\/news\/2006\/12\/20\/brasile-la-fraternita-nell%e2%80%99azione-politica-per-progettare-il-futuro\/070110-03\/\"><img loading=\"lazy\" decoding=\"async\" src=\"https:\/\/www.focolare.org\/wp-content\/uploads\/2006\/12\/070110-03.jpg\" alt=\"\" width=\"200\" height=\"200\" \/><\/a>\u00a0<strong>La c\u00e9l\u00e9bration a eu lieu \u00e0 la Chambre des d\u00e9put\u00e9s,<\/strong> aupr\u00e8s du Parlement de Brasilia, le 7 d\u00e9cembre dernier, en pr\u00e9sence de 200 d\u00e9put\u00e9s f\u00e9d\u00e9raux, quelques semaines seulement apr\u00e8s l\u2019installation des nouveaux organes gouvernementaux et l\u00e9gislatifs.\u00a0Le Pr\u00e9sident de l\u2019Assembl\u00e9e parlementaire, M. Aldo Rebelo\u00a0a envoy\u00e9 un message. La nouvelle de la session solennelle en l\u2019honneur du Mouvement politique pour l\u2019unit\u00e9 (MPPU) figurait sur le site institutionnel de la Chambre des d\u00e9put\u00e9s et faisait partie du calendrier officiel des travaux.  <strong>\u00ab En ce moment historique que vit le Br\u00e9sil, au carrefour de choix politiques cruciaux,<\/strong> sur le plan national comme sur le plan international, pour son peuple comme pour de nombreux pays, nous avons v\u00e9cu une journ\u00e9e tr\u00e8s importante \u00bb a d\u00e9clar\u00e9 \u00e0 son retour Mme Lucia Crepaz, Pr\u00e9sidente du Mouvement politique pour l\u2019unit\u00e9 international. \u00ab Au cours de cette session, j\u2019ai entendu des d\u00e9put\u00e9s de partis diff\u00e9rents s\u2019interroger et prendre position pour la fraternit\u00e9 universelle, principe inspirateur du MPPU. Et je dois dire que, si dans les milieux politiques, on consid\u00e8re souvent la fraternit\u00e9 comme une composante fragile, inadapt\u00e9e pour satisfaire l\u2019harmonisation des int\u00e9r\u00eats de chacun, l\u00e0 est ressorti, une fois encore, sa capacit\u00e9 de projet, de se faire \u00e0 la fois contenu et m\u00e9thode politique, guide des actions quotidiennes personnelles comme des grandes transformations politiques \u00bb.  Mme Luiza Erundina, d\u00e9put\u00e9e br\u00e9silienne, a retrac\u00e9 l\u2019historique du MPPU. Elle a rappel\u00e9 surtout le message adress\u00e9 aux parlementaires, en 1998, au nom de Chiara Lubich par Ginetta Cagliari \u2013 une des premi\u00e8res collaboratrices de Chiara Lubich, co-fondatrice du Mouvement des Focolari au Br\u00e9sil. Elle a rappel\u00e9 \u00e9galement la fondation, en 2001, du Mouvement politique pour l\u2019unit\u00e9, sa diffusion dans plusieurs Etats du Br\u00e9sil et une s\u00e9rie d\u2019initiatives politiques sur tout le territoire et dans les si\u00e8ges politiques institutionnels, qui ont eu des retomb\u00e9es \u00e9galement sur le Parlement \u00e0 Brasilia.  <a rel=\"attachment wp-att-52510\" href=\"https:\/\/www.focolare.org\/news\/2006\/12\/20\/brasile-la-fraternita-nell%e2%80%99azione-politica-per-progettare-il-futuro\/070110-02-2\/\"><img loading=\"lazy\" decoding=\"async\" class=\"alignleft\" style=\"margin: 5px;border-width: 0px\" src=\"https:\/\/www.focolare.org\/wp-content\/uploads\/2006\/12\/070110-02.jpg\" alt=\"\" width=\"200\" height=\"200\" \/><\/a>Au cours des deux journ\u00e9es qui ont suivi, la Convention du MPPU a accueilli quelques dizaines de personnalit\u00e9s politiques, administrateurs, fonctionnaires, chercheurs et citoyens int\u00e9ress\u00e9s, provenant de 25 Etats du Br\u00e9sil. Ensemble, ils ont \u00e9labor\u00e9 les prochaines lignes d\u2019action, \u00e0 partir de ce qui a \u00e9t\u00e9 r\u00e9alis\u00e9 depuis 2001 jusqu\u2019\u00e0 aujourd\u2019hui. A cette occasion leur sont parvenus des messages de soutien de la part des centres nationaux du MPPU d\u2019Argentine, d\u2019Uruguay, du Paraguay o\u00f9 cette exp\u00e9rience se poursuit sur les m\u00eames bases depuis quelques ann\u00e9es.  <strong><img decoding=\"async\" src=\"http:\/\/ldap.focolare.org\/layout\/foto2006\/061220-03.jpg\" border=\"0\" alt=\"\" hspace=\"5\" vspace=\"5\" align=\"right\" \/>Le Mouvement politique pour l\u2019unit\u00e9.<\/strong> N\u00e9 en 1996 \u00e0 l\u2019initiative de Chiara Lubich, le MPPU peut \u00eatre d\u00e9fini comme un champ d\u2019exp\u00e9rimentation international de dialogue en politique. Il r\u00e9unit des personnalit\u00e9s politiques de toutes tendances, qui oeuvrent dans les contextes sociaux et politiques les plus vari\u00e9s et puisent dans le charisme de l\u2019unit\u00e9 une source d\u2019inspiration et de motivation pour travailler ensemble en faveur du bien commun.<\/p>\n","protected":false},"excerpt":{"rendered":"<p>Con el inicio de la 52\u00aa legislatura, la C\u00e1mara de diputados, convocada en sesi\u00f3n solemne en el Parlamento de Brasilia, celebr\u00f3 el quinto aniversario de la fundaci\u00f3n del Movimiento pol\u00edtico por la unidad en el pa\u00eds.<\/p>\n","protected":false},"author":34,"featured_media":0,"comment_status":"open","ping_status":"open","sticky":false,"template":"","format":"standard","meta":{"give_campaign_id":0,"_seopress_robots_primary_cat":"","_seopress_titles_title":"","_seopress_titles_desc":"","_seopress_robots_index":"","_et_pb_use_builder":"","_et_pb_old_content":"","_et_gb_content_width":"","footnotes":""},"categories":[906],"tags":[],"class_list":["post-297124","post","type-post","status-publish","format-standard","hentry","category-focolare-worldwide-2-3"],"_links":{"self":[{"href":"https:\/\/www.focolare.org\/fr\/wp-json\/wp\/v2\/posts\/297124","targetHints":{"allow":["GET"]}}],"collection":[{"href":"https:\/\/www.focolare.org\/fr\/wp-json\/wp\/v2\/posts"}],"about":[{"href":"https:\/\/www.focolare.org\/fr\/wp-json\/wp\/v2\/types\/post"}],"author":[{"embeddable":true,"href":"https:\/\/www.focolare.org\/fr\/wp-json\/wp\/v2\/users\/34"}],"replies":[{"embeddable":true,"href":"https:\/\/www.focolare.org\/fr\/wp-json\/wp\/v2\/comments?post=297124"}],"version-history":[{"count":0,"href":"https:\/\/www.focolare.org\/fr\/wp-json\/wp\/v2\/posts\/297124\/revisions"}],"wp:attachment":[{"href":"https:\/\/www.focolare.org\/fr\/wp-json\/wp\/v2\/media?parent=297124"}],"wp:term":[{"taxonomy":"category","embeddable":true,"href":"https:\/\/www.focolare.org\/fr\/wp-json\/wp\/v2\/categories?post=297124"},{"taxonomy":"post_tag","embeddable":true,"href":"https:\/\/www.focolare.org\/fr\/wp-json\/wp\/v2\/tags?post=297124"}],"curies":[{"name":"wp","href":"https:\/\/api.w.org\/{rel}","templated":true}]}}