{"id":297180,"date":"2007-05-02T22:00:00","date_gmt":"2007-05-02T20:00:00","guid":{"rendered":"https:\/\/www.focolare.org\/le-12-mai-a-stuttgart-ensemble-pour-leurope-250-mouvements-et-communautes-de-differentes-eglises-pour-etablir-des-ponts-entre-cultures-et-pays\/"},"modified":"2024-05-13T20:58:38","modified_gmt":"2024-05-13T18:58:38","slug":"le-12-mai-a-stuttgart-ensemble-pour-leurope-250-mouvements-et-communautes-de-differentes-eglises-pour-etablir-des-ponts-entre-cultures-et-pays","status":"publish","type":"post","link":"https:\/\/www.focolare.org\/fr\/le-12-mai-a-stuttgart-ensemble-pour-leurope-250-mouvements-et-communautes-de-differentes-eglises-pour-etablir-des-ponts-entre-cultures-et-pays\/","title":{"rendered":"Le 12 mai \u00e0 Stuttgart \u00ab\u00a0Ensemble pour l&rsquo;Europe\u00a0\u00bb : 250 mouvements et communaut\u00e9s de diff\u00e9rentes Eglises, pour \u00e9tablir des ponts entre cultures et pays"},"content":{"rendered":"<p><strong><strong><img loading=\"lazy\" decoding=\"async\" src=\"https:\/\/www.focolare.org\/wp-content\/uploads\/layout\/edit\/foto\/fotodefault\/BA0036.jpg\" border=\"0\" alt=\"\" hspace=\"5\" vspace=\"5\" width=\"200\" height=\"200\" align=\"right\" \/><\/strong>Apr\u00e8s trois ann\u00e9es de pr\u00e9paration, nous voici arriv\u00e9s au seuil de<\/strong> la seconde manifestation internationale du 12 mai prochain \u00e0 Stuttgart (Allemagne). Elle sera reli\u00e9e par satellite avec des \u00e9v\u00e9nements r\u00e9alis\u00e9s en parall\u00e8le dans plusieurs pays d&rsquo;Europe. Des milliers de personnes de tous les pays d&rsquo;Europe de l&rsquo;Ouest et de l&rsquo;Europe centrale sont attendues au Palais des Sports Hans Martin Schleyer de Stuttgart. Plusieurs rencontres se d\u00e9rouleront de fa\u00e7on simultan\u00e9e dans diff\u00e9rentes villes europ\u00e9ennes : depuis Paris jusqu&rsquo;\u00e0 Moscou, de Belfast jusqu&rsquo;\u00e0 Madrid, de Budapest \u00e0 Prague.  <strong>En Italie, \u00e0 partie de la deuxi\u00e8me moiti\u00e9 du mois de mai, l&rsquo;exp\u00e9rience de \u00ab\u00a0Ensemble pour l&rsquo;Europe\u00a0\u00bb sera rev\u00e9cue lors d&rsquo;une trentaine de rencontres<\/strong> dans les principales villes italiennes.  <strong>Mais qu&rsquo;est-ce qu'\u00a0\u00bbEnsemble pour l&rsquo;Europe\u00a0\u00bb ?<\/strong> C&rsquo;est une \u00ab\u00a0manifestation- t\u00e9moignage\u00a0\u00bb, inspir\u00e9e des valeurs de la fraternit\u00e9 et du partage. Elle souhaite apporter une contribution afin d\u00e9passer les pr\u00e9jug\u00e9s, les nationalismes, les blessures historiques, les conflits sociaux, la peur de l&rsquo;avenir et la perte d&rsquo;identit\u00e9, en r\u00e9ponse aussi \u00e0 la recherche de sens et de valeurs.  <strong>\u00ab\u00a0Ensemble\u00a0\u00bb, 250 mouvements et communaut\u00e9s de toute l&rsquo;Europe<\/strong> lanceront des ponts entre cultures et peuples diff\u00e9rents, entre citoyens et institutions, et chercheront \u00e0 donner un nouvel \u00e9lan \u00e0 la construction du continent europ\u00e9en.  <strong>Au programme<\/strong>  <strong>Approfondissements historiques, culturels et spirituels de : <em>Ulrich Parzany,<\/em><\/strong> pasteur \u00e9vang\u00e9lique, leader des initiatives d&rsquo;\u00e9vang\u00e9lisation Pro-Christ ; <strong><em>Nicky Gumbel,<\/em><\/strong> Pr\u00e9sident de Alpha International, n\u00e9 \u00e0 l&rsquo;initiative de l&rsquo;Eglise Anglicane ; <strong><em>Andrea Riccardi,<\/em><\/strong> fondateur de la Communaut\u00e9 Sant&rsquo;Egidio et <strong><em>Chiara Lubich,<\/em><\/strong> fondatrice du Mouvement des Focolari.  <strong>Faits de vie et initiatives r\u00e9alis\u00e9es en Europe<\/strong> seront au centre de la seconde partie de l&rsquo;\u00e9v\u00e9nement. Ils mettront en \u00e9vidence comment Mouvements et nouv elles communaut\u00e9s\u00a0 \u00a0Favorisent la vie de la famille ; \u00a0-Ont un impact dans le monde du travail et de l&rsquo;\u00e9conomie ; \u00a0-Edifient des relations de fraternit\u00e9 et de solidarit\u00e9 avec les personnes pauvres et d\u00e9favoris\u00e9es ; \u00a0-S&rsquo;engagent pour la justice et la paix dans le monde. \u00a0-Favorisent la coh\u00e9sion dans la ville et r\u00e9pondent aux d\u00e9fis de la soci\u00e9t\u00e9 multiculturelle.  <strong>Dialogue avec des repr\u00e9sentants d&rsquo;Institutions civiles et \u0153cum\u00e9niques europ\u00e9ennes<\/strong> qui interviendront, dans la premi\u00e8re partie, sur ce qui a m\u00fbri depuis le premier \u00e9v\u00e9nement de 2004 et, \u00e0 la conclusion, sur les perspectives \u00e0 venir. Parmi les invit\u00e9s : <strong>Jacques Barrot<\/strong>, vice pr\u00e9sident de la Commission europ\u00e9enne ; <strong>Romano Prodi<\/strong>, Pr\u00e9sident du Conseil italien ; <strong>Walter Kasper<\/strong>, Pr\u00e9sident du Conseil Pontifical pour l&rsquo;unit\u00e9 des chr\u00e9tiens ; <strong>Anastasios Yannulatos,<\/strong> archev\u00eaque orthodoxe de Tirana et de toute l&rsquo;Albanie, qui est l&rsquo;un des Pr\u00e9sidents du Conseil \u0152cum\u00e9nique des Eglises ; <strong>Arnold de Clermont<\/strong>, pr\u00e9sident de la Conf\u00e9rence des Eglises europ\u00e9ennes et de la F\u00e9d\u00e9ration Protestante de France.  <strong>Un message \u00e0 l&rsquo;Europe<\/strong> conclura l&rsquo;\u00e9v\u00e9nement : ce sera avant tout une d\u00e9claration d&rsquo;engagement des mouvements et communaut\u00e9s des diff\u00e9rentes Eglises chr\u00e9tiennes et une proposition faite \u00e0 des personnalit\u00e9s politiques et \u00e0 la soci\u00e9t\u00e9 civile de s&rsquo;engager.  <strong><strong><img decoding=\"async\" src=\"https:\/\/www.focolare.org\/wp-content\/uploads\/layout\/edit\/foto\/foto2007\/Stoccarda Cantanti_01.jpg\" border=\"0\" alt=\"\" hspace=\"5\" vspace=\"5\" align=\"left\" \/><\/strong>Des moments artistiques<\/strong> de diff\u00e9rents pays et cultures s&rsquo;intercaleront dans le programme et communiqueront la richesse et la vari\u00e9t\u00e9 du patrimoine europ\u00e9en.  <strong>Depuis 2004\u2026<\/strong> Avant d&rsquo;\u00eatre une manifestation, Ensemble pour l&rsquo;Europe est un chemin de communion in\u00e9dit entre mouvements et communaut\u00e9s de diff\u00e9rentes Eglises, le champ d&rsquo;exp\u00e9rimentation d&rsquo;une Europe , \u00ab\u00a0famille de peuples r\u00e9concili\u00e9s\u00a0\u00bb. Une \u00e9tape de ce chemin a \u00e9t\u00e9 marqu\u00e9e par la premi\u00e8re manifestation de Stuttgart, le 8 mai 2004, qui a touch\u00e9 pr\u00e8s de 100 000 europ\u00e9ens, pr\u00e9sents aux rencontres qui se d\u00e9roulaient simultan\u00e9ment et, plus largement encore, gr\u00e2ce aux \u00e9cho donn\u00e9s par les m\u00e9dias. Un chemin en progression : 170 mouvements et communaut\u00e9s repr\u00e9sent\u00e9s en 2004 ; 250 en 2007.  <strong>L&rsquo;\u00e9v\u00e9nement s&rsquo;ins\u00e8re<\/strong> dans une s\u00e9rie de grandes dates anniversaires : le 50e anniversaire des Trait\u00e9s de Rome (1957-2007). La Semaine Europ\u00e9enne qui rappelle le 8 mai \u2013 jour anniversaire de la fin de la seconde guerre mondiale (8 mai 1945) ; le 9 mai \u2013 f\u00eate de l&rsquo;Europe, anniversaire de la d\u00e9claration historique de Robert Schuman, en 1950, qui proposait la formation d&rsquo;une communaut\u00e9 au service de la paix, annonciatrice de l&rsquo;Union Europ\u00e9enne.  <strong>La manifestation \u00ab\u00a0Ensemble pour l&rsquo;Europe\u00a0\u00bb sera pr\u00e9c\u00e9d\u00e9e et pr\u00e9par\u00e9e par le Congr\u00e8s \u00ab\u00a0Ensemble en chemin\u00a0\u00bb<\/strong> pour les responsables et les collaborateurs des Mouvements et Communaut\u00e9s, \u00e0 Stuttgart les 10 et 11 mai 2007. Plus de 20 forums et 16 tables rondes aborderont de nombreux th\u00e8mes parmi lesquels : \u00e9vang\u00e9lisation, mariage et famille, d\u00e9fense de la vie, engagement politique, immigration, \u00e9conomie, environnement, m\u00e9dias, paix et justice.  <strong>Promoteurs de l&rsquo;\u00e9v\u00e9nement :<\/strong> <em>Friedrich Aschoff,<\/em> <strong>Renouveau charismatique de l&rsquo;Eglise Evang\u00e9lique en Allemagne ;<\/strong> <em>Christophe d&rsquo;Aloisio, <\/em><strong>Syndesmos<\/strong> \u2013 Fraternit\u00e9 de 126 organismes de jeunes orthodoxes ; <em>Nicky Gumbel,<\/em> <strong>Alpha International<\/strong> \u2013Cours d&rsquo;Evang\u00e9lisation, n\u00e9s dans l&rsquo;Eglise anglicane d&rsquo;Angleterre ; <em>Chiara Lubich<\/em>, <strong>Mouvement des Focolari<\/strong> ; <em>Michael Marmann<\/em>, <strong>Mouvement de Sch\u00f6nstatt (catholique)<\/strong> ; <em>Helmut Nicklas<\/em>, <strong>YMCA,<\/strong> Association \u0153cum\u00e9nique internationale de jeunes chr\u00e9tiens ; Ulrich Parzany, Pro Christ, initiative d&rsquo;\u00e9vang\u00e9lisation n\u00e9e dans l&rsquo;Eglise \u00e9vang\u00e9lique luth\u00e9rienne ; <em>Gerhard Pross<\/em>, <strong>Coordination des Rencontres p\u00e9riodiques de Mouvements et Communaut\u00e9s \u00e9vang\u00e9liques<\/strong> ; <em>Andrea Riccardi<\/em>, <strong>Communaut\u00e9 Sant&rsquo;Egidio<\/strong> ; <em>Thomas R\u00f6mer,<\/em> <strong>YMCA de Munich<\/strong> ; <em>G\u00e9rard Testard,<\/em> <strong>Fondacio,<\/strong> n\u00e9 dans l&rsquo;Eglise catholique en France ; <em>S\u0153ur Anna-Maria aus der Wiesche<\/em>, <strong>Fraternit\u00e9 du Christ de Selbitz<\/strong>, n\u00e9e dans l&rsquo;Eglise \u00e9vang\u00e9lique luth\u00e9rienne.  Pour en savoir plus : <a href=\"http:\/\/www.europ2007.org\/\">www.europ2007.org<\/a><\/p>\n","protected":false},"excerpt":{"rendered":"<p>Pour une culture de communion \u00e0 partir de la famille et de la ville, de l&rsquo;\u00e9conomie et du travail, des diff\u00e9rentes formes de pauvret\u00e9s, de la justice et de la paix<\/p>\n","protected":false},"author":34,"featured_media":0,"comment_status":"open","ping_status":"open","sticky":false,"template":"","format":"standard","meta":{"give_campaign_id":0,"_seopress_robots_primary_cat":"","_seopress_titles_title":"","_seopress_titles_desc":"","_seopress_robots_index":"","_et_pb_use_builder":"","_et_pb_old_content":"","_et_gb_content_width":"","footnotes":""},"categories":[47],"tags":[],"class_list":["post-297180","post","type-post","status-publish","format-standard","hentry","category-non-classifiee"],"_links":{"self":[{"href":"https:\/\/www.focolare.org\/fr\/wp-json\/wp\/v2\/posts\/297180","targetHints":{"allow":["GET"]}}],"collection":[{"href":"https:\/\/www.focolare.org\/fr\/wp-json\/wp\/v2\/posts"}],"about":[{"href":"https:\/\/www.focolare.org\/fr\/wp-json\/wp\/v2\/types\/post"}],"author":[{"embeddable":true,"href":"https:\/\/www.focolare.org\/fr\/wp-json\/wp\/v2\/users\/34"}],"replies":[{"embeddable":true,"href":"https:\/\/www.focolare.org\/fr\/wp-json\/wp\/v2\/comments?post=297180"}],"version-history":[{"count":0,"href":"https:\/\/www.focolare.org\/fr\/wp-json\/wp\/v2\/posts\/297180\/revisions"}],"wp:attachment":[{"href":"https:\/\/www.focolare.org\/fr\/wp-json\/wp\/v2\/media?parent=297180"}],"wp:term":[{"taxonomy":"category","embeddable":true,"href":"https:\/\/www.focolare.org\/fr\/wp-json\/wp\/v2\/categories?post=297180"},{"taxonomy":"post_tag","embeddable":true,"href":"https:\/\/www.focolare.org\/fr\/wp-json\/wp\/v2\/tags?post=297180"}],"curies":[{"name":"wp","href":"https:\/\/api.w.org\/{rel}","templated":true}]}}