{"id":297182,"date":"2007-05-09T22:00:00","date_gmt":"2007-05-09T20:00:00","guid":{"rendered":"https:\/\/www.focolare.org\/la-fazenda-da-esperanca-au-depart-de-tout-un-geste-simple\/"},"modified":"2024-05-13T20:58:39","modified_gmt":"2024-05-13T18:58:39","slug":"la-fazenda-da-esperanca-au-depart-de-tout-un-geste-simple","status":"publish","type":"post","link":"https:\/\/www.focolare.org\/fr\/la-fazenda-da-esperanca-au-depart-de-tout-un-geste-simple\/","title":{"rendered":"La Fazenda da Esperan\u00e7a : au d\u00e9part de tout, un geste simple\u2026"},"content":{"rendered":"<p>\u00a0<strong>Hans Stapel a v\u00e9cu une enfance difficile.<\/strong> Sa famille a tout perdu pendant la guerre. Avec les ann\u00e9es, il vit une intense recherche de foi. Il trouve la r\u00e9ponse qu\u2019il cherche dans la spiritualit\u00e9 des Focolari et laisse tout pour entrer dans l\u2019Ordre franciscain. Avant m\u00eame d\u2019\u00eatre ordonn\u00e9 pr\u00eatre, il est envoy\u00e9 au Br\u00e9sil et, par la suite, lui est confi\u00e9 une paroisse, \u00e0 Guaratinguet\u00e0.<\/p>\n<p> C\u2019est justement l\u00e0 que commence la nouvelle aventure divine. \u00ab Une nuit, raconte-t-il, quelqu\u2019un frappe \u00e0 la porte. C\u2019est une toute jeune femme qui attend un enfant. Elle demande \u00e0 manger et un lieu pour dormir. Comment un pr\u00eatre pouvait-il recevoir dans sa maison, qui plus est, de nuit, une fille jeune et belle ? Qu\u2019aurait fait saint Fran\u00e7ois \u00e0 ma place ? \u00bb<\/p>\n<p> Il fait entrer la jeune femme qui se restaure et dort jusqu\u2019au lendemain, tard dans la matin\u00e9e. Quelque temps apr\u00e8s, elle revient pour le remercier. \u00ab Elle me confie que si je ne lui avais pas ouvert la porte cette nuit-l\u00e0, son enfant n\u2019aurait pas vu le jour. \u00bb Le t\u00e9moignage de ce style de vie touche le c\u0153ur des paroissiens Et \u00e0 partir de cet \u00e9pisode va na\u00eetre une maison pour de jeunes m\u00e8res c\u00e9libataires, soutenue par la communaut\u00e9 paroissiale. \u00bb<\/p>\n<p><strong>Un jeune paroissien, Nelson Giovannelli, qui faisait partie du Mouvement Gen<\/strong> (la deuxi\u00e8me g\u00e9n\u00e9ration du Mouvement des Focolari), <strong>est particuli\u00e8rement touch\u00e9 par l\u2019enseignement du P. Hans.<\/strong> Tous les jours, apr\u00e8s le travail, Nelson va \u00e0 la messe. Sur le chemin de retour, il rencontre un groupe de jeunes qui se droguent. Inspir\u00e9 par les paroles de saint Paul, \u00ab Je me suis fait faible avec les faibles pour gagner les faibles \u00bb, Nelson prend son courage \u00e0 deux mains et commence \u00e0 se rapprocher de ces jeunes.<\/p>\n<p><strong>C\u2019est par un geste tout simple \u2013 il demande \u00e0 l\u2019un d\u2019entre eux de lui apprendre \u00e0 faire des bracelets artisanaux \u2013 que Nelson est introduit dans leur groupe,<\/strong> et mis \u00e0 l\u2019\u00e9preuve. Un jour, un des gar\u00e7ons lui demande de lui pr\u00eater la bicyclette qu\u2019il utilisait pour aller au travail. Voulait-il la vendre pour avoir en \u00e9change un peu de drogue ? Il d\u00e9cide n\u00e9anmoins de courir le risque. Et, \u00e0 sa grande surprise, les jeunes lui rendent la bicyclette r\u00e9par\u00e9e et nettoy\u00e9e. C\u2019\u00e9tait seulement le d\u00e9but. Au cours d\u2019une messe, Nelson demande \u00e0 Dieu quelque chose en plus : qu\u2019au moins un de ces jeunes change de vie. Quelque temps plus tard, l\u2019un d\u2019entre eux demande \u00e0 \u00eatre aid\u00e9 pour pouvoir sortir du monde de la drogue.<\/p>\n<p><strong>Nelson n\u2019a aucune exp\u00e9rience dans la r\u00e9habilitation de personnes toxico d\u00e9pendantes.<\/strong> Il ne peut proposer comme aide que se que lui-m\u00eame vit : l\u2019Evangile. Le jour suivant, ils se rencontrent \u00e0 la messe. Ils choisissent une Parole de Dieu \u00e0 mettre en pratique. Le soir d\u2019apr\u00e8s, ils se racontent comment cela s\u2019est pass\u00e9. Peu \u00e0 peu, Antonio devient une autre personne. Il reprend confiance en lui, retrouve le go\u00fbt des choses simples, au point d\u2019attirer d\u2019autres amis de la rue qui veulent conna\u00eetre l\u2019exp\u00e9rience de Nelson et Antonio. Ils commencent \u00e0 avoir l\u2019intuition des effets th\u00e9rapeutiques que peut porter une exp\u00e9rience d\u2019Evangile v\u00e9cu dans l\u2019ouverture \u00e0 l\u2019autre. Quelques temps plus tard, ils vont habiter dans une ferme abandonn\u00e9e qui leur a \u00e9t\u00e9 donn\u00e9e. Ils mettent tout en comme : travail, temps, id\u00e9es.<\/p>\n<p><strong>C\u2019est ainsi que la premi\u00e8re Fazenda da Esperan\u00e7a voit le jour,<\/strong> une communaut\u00e9 de jeune qui veulent sortir du tunnel. \u00ab Nous n\u2019avions ni m\u00e9decins ni m\u00e9dicaments et il n\u2019\u00e9tait pas facile de s\u2019en procurer \u00bb, se souvient le P. Hans, toujours pr\u00e9sent par son accompagnement spirituel. \u00ab Et, en m\u00eame temps, devant aller \u00e0 la rencontre de ceux qui ne pouvaient pas attendre, nous nous sommes mis au travail avec l\u2019unique moyen \u00e0 notre disposition : la spiritualit\u00e9 de communion. Nous avons cherch\u00e9 en premier lieu \u00e0 \u00e9veiller dans les jeunes le dynamisme de l\u2019amour chr\u00e9tien. \u00bb<\/p>\n<p> <strong>Ce ne sont pas seulement des jeunes toxico d\u00e9pendants qui participent \u00e0 cette aventure,<\/strong> mais \u00e9galement d\u2019autres jeunes de la paroisse qui ont le d\u00e9sir de se mettre \u00e0 la disposition des \u00ab plus petits \u00bb. La joie qui d\u00e9coule de cette exp\u00e9rience a une fonction de \u00ab th\u00e9rapie \u00bb et c\u2019est la semence d\u2019o\u00f9 vont germer les premi\u00e8res cons\u00e9crations \u00e0 Dieu, dans ce service d\u2019Eglise. Le premier, naturellement, va \u00eatre Nelson : il s\u2019est toujours laiss\u00e9 guider par l\u2019Esprit Saint et il sent, apr\u00e8s coup, qu\u2019il ne peut plus abandonner l\u2019\u0153uvre n\u00e9e avec lui, pour suivre de simples projets personnels. L\u2019id\u00e9e de se consacrer \u00e0 Dieu fait son chemin en lui. Dans une lettre \u00e0 Chiara Lubich, fondatrice du Mouvement des Focolari, Nelson lui communique cette aspiration. Chiara l\u2019encourage dans cette voie, \u00e0 continuer \u00e0 vivre pour Dieu, parmi les jeunes marginaux.<\/p>\n<p><strong>Quelques ann\u00e9es plus tard, quelques jeunes femmes \u2013 une assistante sociale de 30 ans et une jeune de 21, qui d\u00e9cide de laisser famille et fianc\u00e9 pour se d\u00e9dier aux \u00ab plus petits \u00bb -, commencent une communaut\u00e9 f\u00e9minine de r\u00e9habilitation.<\/strong> A partir de 1992, le P. Hans peut se consacrer \u00e0 plein temps \u00e0 la Fazenda. Les \u00e9v\u00eaques voient de plus en plus dans cette \u0153uvre la main de Dieu, jusqu\u2019\u00e0 la qualifier de \u00ab sanctuaire moderne d\u2019\u00e9vang\u00e9lisation \u00bb. Le card. Aloisio Lorscheider ira jusqu\u2019\u00e0dire : \u201cIci, l\u2019Evangile a trouv\u00e9 sa maison et avec elle, l\u2019esp\u00e9rance. \u00bb Le nombre des jeunes et des familles qui, au contact de cette communaut\u00e9, retrouvent la vie, est en continuelle augmentation. Ils reviennent \u00e0 la vie, pas seulement lib\u00e9r\u00e9s de la drogue mais avec une foi renouvel\u00e9e et vivante.<\/p>\n","protected":false},"excerpt":{"rendered":"<p>todo inicia con un gesto simple&#8230;<\/p>\n","protected":false},"author":34,"featured_media":0,"comment_status":"open","ping_status":"open","sticky":false,"template":"","format":"standard","meta":{"give_campaign_id":0,"_seopress_robots_primary_cat":"","_seopress_titles_title":"","_seopress_titles_desc":"","_seopress_robots_index":"","_et_pb_use_builder":"","_et_pb_old_content":"","_et_gb_content_width":"","footnotes":""},"categories":[906],"tags":[],"class_list":["post-297182","post","type-post","status-publish","format-standard","hentry","category-focolare-worldwide-2-3"],"_links":{"self":[{"href":"https:\/\/www.focolare.org\/fr\/wp-json\/wp\/v2\/posts\/297182","targetHints":{"allow":["GET"]}}],"collection":[{"href":"https:\/\/www.focolare.org\/fr\/wp-json\/wp\/v2\/posts"}],"about":[{"href":"https:\/\/www.focolare.org\/fr\/wp-json\/wp\/v2\/types\/post"}],"author":[{"embeddable":true,"href":"https:\/\/www.focolare.org\/fr\/wp-json\/wp\/v2\/users\/34"}],"replies":[{"embeddable":true,"href":"https:\/\/www.focolare.org\/fr\/wp-json\/wp\/v2\/comments?post=297182"}],"version-history":[{"count":0,"href":"https:\/\/www.focolare.org\/fr\/wp-json\/wp\/v2\/posts\/297182\/revisions"}],"wp:attachment":[{"href":"https:\/\/www.focolare.org\/fr\/wp-json\/wp\/v2\/media?parent=297182"}],"wp:term":[{"taxonomy":"category","embeddable":true,"href":"https:\/\/www.focolare.org\/fr\/wp-json\/wp\/v2\/categories?post=297182"},{"taxonomy":"post_tag","embeddable":true,"href":"https:\/\/www.focolare.org\/fr\/wp-json\/wp\/v2\/tags?post=297182"}],"curies":[{"name":"wp","href":"https:\/\/api.w.org\/{rel}","templated":true}]}}