{"id":297184,"date":"2007-05-10T22:00:00","date_gmt":"2007-05-10T20:00:00","guid":{"rendered":"https:\/\/www.focolare.org\/lamour-et-la-justice-apportes-par-levangile-chemin-pour-creer-des-structures-qui-offrent-une-croissance-integrale-humaine-et-spirituelle\/"},"modified":"2024-05-13T20:58:39","modified_gmt":"2024-05-13T18:58:39","slug":"lamour-et-la-justice-apportes-par-levangile-chemin-pour-creer-des-structures-qui-offrent-une-croissance-integrale-humaine-et-spirituelle","status":"publish","type":"post","link":"https:\/\/www.focolare.org\/fr\/lamour-et-la-justice-apportes-par-levangile-chemin-pour-creer-des-structures-qui-offrent-une-croissance-integrale-humaine-et-spirituelle\/","title":{"rendered":"L\u2019amour et la justice apport\u00e9s par l\u2019Evangile, chemin pour\u00ab cr\u00e9er des structures qui offrent une croissance int\u00e9grale, humaine et spirituelle \u00bb"},"content":{"rendered":"<p><em>\u00ab Me voici \u00e0 la porte et je frappe. Si quelqu\u2019un \u00e9coute ma voix et m\u2019ouvre la porte, je viendrai chez lui, je d\u00eenerai avec lui et lui avec moi. <\/em>Ce sont des paroles divines qui p\u00e9n\u00e8trent et touchent l\u2019\u00e2me au plus profond et l\u2019\u00e9branlent dans ses fondements. \u00bb Le pape Beno\u00eet XVI s\u2019est exprim\u00e9 ainsi, le 12 mai dernier, lors de sa visite \u00e0 la Fazenda de Esperan\u00e7a. A deux heures de route de la m\u00e9gapole de Sao Paulo, la Fazenda est une \u0153uvre sociale, n\u00e9e en 1983, qui accueille des jeunes toxico d\u00e9pendants, alcooliques, de jeunes m\u00e8res c\u00e9libataires et les aide \u00e0 se r\u00e9ins\u00e9rer. Il existe \u00e0 pr\u00e9sent 42 centres dans tout le Br\u00e9sil, et dans 8 autres pays, dont l\u2019Allemagne et la Russie.  <strong><strong><img loading=\"lazy\" decoding=\"async\" src=\"https:\/\/www.focolare.org\/wp-content\/uploads\/layout\/edit\/foto\/foto2007\/070518-03.jpg\" border=\"0\" alt=\"\" hspace=\"5\" vspace=\"5\" width=\"200\" height=\"229\" align=\"right\" \/><\/strong>Le pape va tout de suite au c\u0153ur de l\u2019exp\u00e9rience des jeunes qui l\u2019\u00e9coutent.<\/strong> \u00ab A un moment donn\u00e9 de la vie, J\u00e9sus vient et il frappe, de petits coups pleins de douceur, au plus profond des c\u0153urs bien dispos\u00e9s. Avec vous, il l\u2019a fait par l\u2019interm\u00e9diaire d\u2019une personne amie, d\u2019un pr\u00eatre ou bien, qui sait, il a peut-\u00eatre permis une s\u00e9rie de co\u00efncidences pour vous faire comprendre que vous \u00eates l\u2019objet de son amour de pr\u00e9dilection. \u00bb Oui, c\u2019est vraiment ce qu\u2019exp\u00e9rimentent les jeunes h\u00f4tes de la Fazenda. On seulement, comme l\u2019a ajout\u00e9 le pape, \u00ab ils parviennent \u00e0 se lib\u00e9rer de la d\u00e9pendance des drogues et de l\u2019alcool \u00bb &#8211; ils sont aujourd\u2019hui 10 000 \u00e0 y \u00eatre parvenus \u2013 \u00ab mais ils retrouvent Dieu et se mettent \u00e0 participer activement \u00e0 la vie de l\u2019Eglise \u00bb. Et ainsi s\u2019ouvre devant eux un chemin d\u2019esp\u00e9rance.  <strong>Benoit XVI exprime \u00ab son estime pour cette \u0152uvre,<\/strong> qui a comme fondements sprituels le charisme de saint Fran\u00e7ois et la spiritualit\u00e9 du Mouvement des Focolari \u00bb. L\u2019esprit v\u00e9cu \u00e0 la Fazenda est en profonde concordance avec le message fort adress\u00e9 depuis le Br\u00e9sil par Beno\u00eet XVI \u00e0 l\u2019ensemble de l\u2019Am\u00e9rique Latine, en particulier lors de son intervention \u00e0 l\u2019ouverture de la Ve Conf\u00e9rence g\u00e9n\u00e9rale de l\u2019Episcopat latino am\u00e9ricain. Comme l\u2019a fait remarquer le P. Federico Lombardi, directeur de la salle de presse du Vatican, le pape \u00ab a abord\u00e9 de front, se pla\u00e7ant sous l\u2019angle chr\u00e9tien, les d\u00e9fis dus aux injustices et aux grands d\u00e9s\u00e9quilibres de ce continent \u00bb. Il a une nouvelle foi indiqu\u00e9, dans les \u00ab valeurs d\u2019amour et de justice apport\u00e9s par l\u2019Evangile et par l\u2019annonce de l\u2019Eglise \u00bb, la voie \u00ab pour cr\u00e9er des structures \u00e0 caract\u00e8re social, \u00e9conomique, politique, qui offrent une croissance int\u00e9grale, humaine et spirituelle. \u00bb  <strong>\u00ab Tout ce que vous avez fait au plus petit d\u2019entre mes fr\u00e8res,<\/strong> c\u2019est \u00e0 moi que vous l\u2019avez fait. \u00bb C\u2019est en vivant ces paroles, par de simples gestes quotidiens, qu\u2019est n\u00e9e la Fazenda de Esperan\u00e7a. Tout est parti de deux personnes : un Franciscain allemand, Hans Stapel et un jeune Br\u00e9silien, Nelson Giovannelli qui, sans aucun programme, jour apr\u00e8s jour, se sont laiss\u00e9 guider par l\u2019Esprit Saint.<\/p>\n","protected":false},"excerpt":{"rendered":"<p>Ce sont les paroles du pape Beno\u00eet XVI au Br\u00e9sil, lors de la Ve Conf\u00e9rence g\u00e9n\u00e9rale des \u00e9v\u00eaques latino-am\u00e9ricains. Son message \u00e0 la Fazenda de Esperan\u00e7a, le 12 mai 2007.<\/p>\n","protected":false},"author":34,"featured_media":0,"comment_status":"open","ping_status":"open","sticky":false,"template":"","format":"standard","meta":{"give_campaign_id":0,"_seopress_robots_primary_cat":"","_seopress_titles_title":"","_seopress_titles_desc":"","_seopress_robots_index":"","_et_pb_use_builder":"","_et_pb_old_content":"","_et_gb_content_width":"","footnotes":""},"categories":[47],"tags":[],"class_list":["post-297184","post","type-post","status-publish","format-standard","hentry","category-non-classifiee"],"_links":{"self":[{"href":"https:\/\/www.focolare.org\/fr\/wp-json\/wp\/v2\/posts\/297184","targetHints":{"allow":["GET"]}}],"collection":[{"href":"https:\/\/www.focolare.org\/fr\/wp-json\/wp\/v2\/posts"}],"about":[{"href":"https:\/\/www.focolare.org\/fr\/wp-json\/wp\/v2\/types\/post"}],"author":[{"embeddable":true,"href":"https:\/\/www.focolare.org\/fr\/wp-json\/wp\/v2\/users\/34"}],"replies":[{"embeddable":true,"href":"https:\/\/www.focolare.org\/fr\/wp-json\/wp\/v2\/comments?post=297184"}],"version-history":[{"count":0,"href":"https:\/\/www.focolare.org\/fr\/wp-json\/wp\/v2\/posts\/297184\/revisions"}],"wp:attachment":[{"href":"https:\/\/www.focolare.org\/fr\/wp-json\/wp\/v2\/media?parent=297184"}],"wp:term":[{"taxonomy":"category","embeddable":true,"href":"https:\/\/www.focolare.org\/fr\/wp-json\/wp\/v2\/categories?post=297184"},{"taxonomy":"post_tag","embeddable":true,"href":"https:\/\/www.focolare.org\/fr\/wp-json\/wp\/v2\/tags?post=297184"}],"curies":[{"name":"wp","href":"https:\/\/api.w.org\/{rel}","templated":true}]}}