{"id":297190,"date":"2007-05-31T22:00:00","date_gmt":"2007-05-31T20:00:00","guid":{"rendered":"https:\/\/www.focolare.org\/juin-2007\/"},"modified":"2024-05-13T20:58:39","modified_gmt":"2024-05-13T18:58:39","slug":"juin-2007","status":"publish","type":"post","link":"https:\/\/www.focolare.org\/fr\/juin-2007\/","title":{"rendered":"juin 2007"},"content":{"rendered":"<p>Avec ses paroles de v&eacute;rit&eacute;, l&#39;&Eacute;vangile nous fascine. C&#39;est l&agrave; que s&#39;exprime Celui qui a dit : &laquo; Je suis la v&eacute;rit&eacute; &raquo;. Il donne acc&egrave;s au myst&egrave;re infini de Dieu et fait conna&icirc;tre son projet d&#39;amour sur l&#39;humanit&eacute; : il nous transmet la V&eacute;rit&eacute;. Mais, si la V&eacute;rit&eacute; a la profondeur infinie d&#39;un myst&egrave;re, comment la comprendre et la vivre pleinement ? J&eacute;sus sait que nous ne sommes pas capables d&#39;en porter le poids. C&#39;est pourquoi, lors de son dernier repas avec ses disciples, avant de retourner vers le P&egrave;re, il promet d&#39;envoyer son Esprit, qui pourra expliquer ses paroles et nous les faire vivre.<\/p>\n<p class=\"RipPdv\">&laquo; Lorsque viendra l&#39;Esprit de v&eacute;rit&eacute;, il vous fera acc&eacute;der &agrave; la v&eacute;rit&eacute; tout enti&egrave;re. &raquo;<\/p>\n<p>Vivant du Christ, la communaut&eacute; des croyants conna&icirc;t la v&eacute;rit&eacute;. Mais, en m&ecirc;me temps, elle chemine vers la &laquo; v&eacute;rit&eacute; tout enti&egrave;re &raquo;, guid&eacute;e de fa&ccedil;on s&ucirc;re par l&#39;Esprit.<br \/>On peut lire l&#39;histoire de l&#39;&Eacute;glise comme une prise de conscience progressive et de plus en plus profonde du myst&egrave;re de J&eacute;sus et de sa Parole. Pour cela, l&#39;Esprit la conduit de multiples mani&egrave;res : par la contemplation et l&#39;&eacute;tude des textes bibliques qu&#39;en font les croyants, par les charismes qu&#8217;ils re&ccedil;oivent et par le discernement fid&egrave;le de l&#39;&Eacute;glise.<br \/>L&#39;Esprit parle aussi au c&#339;ur de tout croyant ; c&#39;est l&agrave; qu&#39;il habite, faisant entendre sa &laquo; voix &raquo;. Il sugg&egrave;re de pardonner, de servir, de donner, d&#39;aimer. Il enseigne ce qui est bien et ce qui est mal. Il rappelle et fait vivre les Paroles de vie que l&#39;&Eacute;vangile s&egrave;me en nous de mois en mois.<\/p>\n<p class=\"RipPdv\">&laquo; Lorsque viendra l&#39;Esprit de v&eacute;rit&eacute;, il vous fera acc&eacute;der &agrave; la v&eacute;rit&eacute; tout enti&egrave;re. &raquo;<\/p>\n<p>Comment vivre cette Parole de vie ? Mais, en &eacute;coutant la &laquo; voix &raquo; qui parle en nous, en restant docile &agrave; l&#39;Esprit Saint qui nous guide, nous exhorte et nous stimule ! &laquo; Le chr&eacute;tien &#8211; explique Chiara Lubich &#8211; doit cheminer sous l&#39;impulsion de l&#39;Esprit, afin que celui-ci puisse op&eacute;rer dans son c&#339;ur avec sa puissance cr&eacute;atrice, le menant &agrave; la sanctification, la divinisation, la r&eacute;surrection. &raquo;<br \/>Pour mieux comprendre cette &laquo; voix &raquo; et qu&#39;elle r&eacute;sonne davantage, Chiara nous invite &agrave; vivre plus unis. Ainsi, nous entendrons l&#39;Esprit pr&eacute;sent non seulement en nous, mais aussi &laquo; entre ceux qui sont unis dans le Ressuscit&eacute; &raquo;. En effet quand J&eacute;sus est au milieu de nous, l&#39;Esprit &laquo; perfectionne l&#39;&eacute;coute de sa voix en chacun de nous. J&eacute;sus pr&eacute;sent entre nous amplifie alors la voix de l&#39;Esprit en nous. Y a-t-il une meilleure mani&egrave;re d&#8217;aimer l&#8217;Esprit Saint, de l&#8217;honorer, de le rendre pr&eacute;sent dans notre c&#339;ur que d&#8217;&eacute;couter sa voix qui peut &eacute;clairer chaque instant de notre vie (&#8230;) ? Et l&#8217;&eacute;coute de cette voix, nous l&#8217;avons si souvent constat&eacute;, conduit &agrave; la perfection : les d&eacute;fauts disparaissent peu &agrave; peu et nous devenons meilleurs. &raquo; <\/p>\n<p class=\"RipPdv\">&laquo; Lorsque viendra l&#39;Esprit de v&eacute;rit&eacute;, il vous fera acc&eacute;der &agrave; la v&eacute;rit&eacute; tout enti&egrave;re. &raquo;<\/p>\n<p align=\"right\">Cette Parole de vie, lue le dimanche de la Sainte Trinit&eacute;, nous invite &agrave; invoquer l&#39;Esprit Saint : &laquo; O Esprit Saint, nous ne te demandons rien d&#39;autre que Dieu pour Dieu. (&#8230;) Donne-nous de vivre ce temps qui nous reste (&#8230;) seulement et toujours, &agrave; chaque instant, en fonction de toi seul, que seul nous voulons aimer et servir.<br \/>Dieu ! Dieu, pur esprit, notre humanit&eacute; peut te servir de coupe, pour &ecirc;tre emplie de toi&#8230;<br \/>Dieu doit transpara&icirc;tre de notre &ecirc;tre, de notre c&#339;ur, de notre visage, de nos paroles, de nos actes, de notre silence, de notre vie, de notre mort, de notre apparence, une fois que nous aurons quitt&eacute; cette terre, o&ugrave; nous pouvons et devons laisser un sillage lumineux de sa pr&eacute;sence parmi nous. Au milieu des ruines et des d&eacute;combres du monde, monde vivant ou monde mourant, dans la louange ou la vanit&eacute; de toutes choses, cette pr&eacute;sence lumineuse doit faire place au Seul, au Tout, &agrave; l&#39;Amour &raquo; <br \/>Fabio CIARDI et Gabriella FALLACARA<\/p>\n<p><em>La Parole de Vie est extraite des textes du dimanche 3 juin 2007.<br \/>Le mois prochain : &laquo; Vous (&#8230;) c&#8217;est &agrave; la libert&eacute; que vous avez &eacute;t&eacute; appel&eacute;s. &raquo; (Ga 5, 13)<br \/><\/em><\/p>\n<p><!--more--><\/p>\n","protected":false},"excerpt":{"rendered":"<p>\u00ab Lorsque viendra l&#39;Esprit de v\u00e9rit\u00e9, il vous fera acc\u00e9der \u00e0 la v\u00e9rit\u00e9 tout enti\u00e8re \u00bb (Jn 16, 13).<\/p>\n","protected":false},"author":34,"featured_media":0,"comment_status":"open","ping_status":"open","sticky":false,"template":"","format":"standard","meta":{"give_campaign_id":0,"_seopress_robots_primary_cat":"","_seopress_titles_title":"","_seopress_titles_desc":"","_seopress_robots_index":"","_et_pb_use_builder":"","_et_pb_old_content":"","_et_gb_content_width":"","footnotes":""},"categories":[47,93],"tags":[],"class_list":["post-297190","post","type-post","status-publish","format-standard","hentry","category-non-classifiee","category-parole-di-vie"],"_links":{"self":[{"href":"https:\/\/www.focolare.org\/fr\/wp-json\/wp\/v2\/posts\/297190","targetHints":{"allow":["GET"]}}],"collection":[{"href":"https:\/\/www.focolare.org\/fr\/wp-json\/wp\/v2\/posts"}],"about":[{"href":"https:\/\/www.focolare.org\/fr\/wp-json\/wp\/v2\/types\/post"}],"author":[{"embeddable":true,"href":"https:\/\/www.focolare.org\/fr\/wp-json\/wp\/v2\/users\/34"}],"replies":[{"embeddable":true,"href":"https:\/\/www.focolare.org\/fr\/wp-json\/wp\/v2\/comments?post=297190"}],"version-history":[{"count":0,"href":"https:\/\/www.focolare.org\/fr\/wp-json\/wp\/v2\/posts\/297190\/revisions"}],"wp:attachment":[{"href":"https:\/\/www.focolare.org\/fr\/wp-json\/wp\/v2\/media?parent=297190"}],"wp:term":[{"taxonomy":"category","embeddable":true,"href":"https:\/\/www.focolare.org\/fr\/wp-json\/wp\/v2\/categories?post=297190"},{"taxonomy":"post_tag","embeddable":true,"href":"https:\/\/www.focolare.org\/fr\/wp-json\/wp\/v2\/tags?post=297190"}],"curies":[{"name":"wp","href":"https:\/\/api.w.org\/{rel}","templated":true}]}}