{"id":297202,"date":"2007-08-14T22:00:00","date_gmt":"2007-08-14T20:00:00","guid":{"rendered":"https:\/\/www.focolare.org\/suisse-chiara-lubich-recoit-la-bourgeoisie-citoyennete-honoraire-de-la-ville-de-mollens-et-les-jeunes-se-donnent-rendez-vous-autour-de-la-politique\/"},"modified":"2024-05-13T20:58:41","modified_gmt":"2024-05-13T18:58:41","slug":"suisse-chiara-lubich-recoit-la-bourgeoisie-citoyennete-honoraire-de-la-ville-de-mollens-et-les-jeunes-se-donnent-rendez-vous-autour-de-la-politique","status":"publish","type":"post","link":"https:\/\/www.focolare.org\/fr\/suisse-chiara-lubich-recoit-la-bourgeoisie-citoyennete-honoraire-de-la-ville-de-mollens-et-les-jeunes-se-donnent-rendez-vous-autour-de-la-politique\/","title":{"rendered":"Suisse : Chiara Lubich re\u00e7oit la bourgeoisie (citoyennet\u00e9 honoraire) de la ville de Mollens et les jeunes se donnent rendez-vous autour de la politique."},"content":{"rendered":"<p><span style=\"font-family: Verdana\"><em>\u00ab Depuis 1974, Chiara Lubich passe l\u2019\u00e9t\u00e9 \u00e0 Mollens et nous sommes honor\u00e9s d\u2019accueillir cette personnalit\u00e9 internationalement connue, engag\u00e9e en faveur de la paix et de la fraternit\u00e9 universelle entre tous les peuples. \u00bb <\/em><strong>Telle est la motivation de la reconnaissance de la petite ville perch\u00e9e sur les hauteurs du Valais.<\/strong><\/span> <\/p>\n<div><span style=\"font-family: Verdana\"><strong>Un autre rendez-vous aura lieu en Suisse les 25 et 26 ao\u00fbt,<\/strong> qui concerne particuli\u00e8rement les jeunes et la politique. Le Politics party est une initiative qui s\u2019inspire des id\u00e9es de Chiara Lubich. Il fait suite \u00e0 d\u2019autres rendez-vous avec plusieurs personnalit\u00e9s politiques suisses, dont le maire de Mollens qui a d\u00e9clar\u00e9 dans une r\u00e9cente interview : <em>\u00ab Le Mouvement Politique pour l\u2019Unit\u00e9 est un formidable d\u00e9fi apportant une approche de la politique tr\u00e8s diff\u00e9rente de celle que nous connaissons. La fraternit\u00e9 prend le dessus sur la politique et on choisit le dialogue plut\u00f4t que la confrontation, et cela quel que soit le niveau de hi\u00e9rarchie politique. Que notre jeunesse s\u2019implique dans cette r\u00e9flexion et qu\u2019elle souhaite apporter une pierre \u00e0 cet \u00e9difice, me para\u00eet \u00eatre une ouverture non n\u00e9gligeable pour le futur car n\u2019oublions pas que ce sont nos jeunes qui deviendront un jour les d\u00e9cideurs politiques \u00bb. <\/em><\/span><\/div>\n<p> <span style=\"font-family: Verdana\">\u00a0  <\/span><\/p>\n","protected":false},"excerpt":{"rendered":"<p>Remise de la bourgeoisie : samedi 18 ao\u00fbt 2007. Politics party les 25 et 26 ao\u00fbt.<\/p>\n","protected":false},"author":34,"featured_media":0,"comment_status":"open","ping_status":"open","sticky":false,"template":"","format":"standard","meta":{"give_campaign_id":0,"_seopress_robots_primary_cat":"","_seopress_titles_title":"","_seopress_titles_desc":"","_seopress_robots_index":"","_et_pb_use_builder":"","_et_pb_old_content":"","_et_gb_content_width":"","footnotes":""},"categories":[47],"tags":[],"class_list":["post-297202","post","type-post","status-publish","format-standard","hentry","category-non-classifiee"],"_links":{"self":[{"href":"https:\/\/www.focolare.org\/fr\/wp-json\/wp\/v2\/posts\/297202","targetHints":{"allow":["GET"]}}],"collection":[{"href":"https:\/\/www.focolare.org\/fr\/wp-json\/wp\/v2\/posts"}],"about":[{"href":"https:\/\/www.focolare.org\/fr\/wp-json\/wp\/v2\/types\/post"}],"author":[{"embeddable":true,"href":"https:\/\/www.focolare.org\/fr\/wp-json\/wp\/v2\/users\/34"}],"replies":[{"embeddable":true,"href":"https:\/\/www.focolare.org\/fr\/wp-json\/wp\/v2\/comments?post=297202"}],"version-history":[{"count":0,"href":"https:\/\/www.focolare.org\/fr\/wp-json\/wp\/v2\/posts\/297202\/revisions"}],"wp:attachment":[{"href":"https:\/\/www.focolare.org\/fr\/wp-json\/wp\/v2\/media?parent=297202"}],"wp:term":[{"taxonomy":"category","embeddable":true,"href":"https:\/\/www.focolare.org\/fr\/wp-json\/wp\/v2\/categories?post=297202"},{"taxonomy":"post_tag","embeddable":true,"href":"https:\/\/www.focolare.org\/fr\/wp-json\/wp\/v2\/tags?post=297202"}],"curies":[{"name":"wp","href":"https:\/\/api.w.org\/{rel}","templated":true}]}}