{"id":297204,"date":"2007-08-15T22:00:00","date_gmt":"2007-08-15T20:00:00","guid":{"rendered":"https:\/\/www.focolare.org\/helmut-nicklas-et-son-role-decisif-dans-la-communion-entre-les-mouvements-chretiens\/"},"modified":"2024-05-13T20:58:41","modified_gmt":"2024-05-13T18:58:41","slug":"helmut-nicklas-et-son-role-decisif-dans-la-communion-entre-les-mouvements-chretiens","status":"publish","type":"post","link":"https:\/\/www.focolare.org\/fr\/helmut-nicklas-et-son-role-decisif-dans-la-communion-entre-les-mouvements-chretiens\/","title":{"rendered":"Helmut Nicklas et son \u00ab r\u00f4le d\u00e9cisif dans la communion entre les mouvements chr\u00e9tiens \u00bb"},"content":{"rendered":"<p>\u00a0  <strong><img loading=\"lazy\" decoding=\"async\" src=\"https:\/\/www.focolare.org\/wp-content\/uploads\/layout\/edit\/foto\/foto2007\/070816-02.jpg\" border=\"0\" alt=\"\" hspace=\"5\" vspace=\"5\" width=\"200\" height=\"158\" align=\"right\" \/>\u00ab Helmut Nicklas \u00e9tait une personne vraiment charismatique par sa capacit\u00e9 \u00e0 \u00e9couter la voix de Dieu et \u00e0 le suivre de fa\u00e7on radicale. \u00bb<\/strong> Ainsi s\u2019est exprim\u00e9e Chiara Lubich, dans son message lu \u00e0 l\u2019\u00e9glise luth\u00e9rienne Saint-Mathieu, de Munich, vendredi 17 ao\u00fbt 2007, lors du dernier adieu \u00e0 cet \u00ab ami tr\u00e8s aim\u00e9 et v\u00e9ritable fr\u00e8re \u00bb qui, avec passion, a consacr\u00e9 sa vie \u00e0 l\u2019unit\u00e9.  <strong>Helmut Nicklas a termin\u00e9 son voyage terrestre le dimanche 12 ao\u00fbt,<\/strong> \u00e0 la fin d\u2019une douloureuse maladie qui durait depuis une ann\u00e9e. Il avait 68 ans. N\u00e9 \u00e0 Nabburg (Allemagne), il \u00e9tait mari\u00e9 et p\u00e8re de deux enfants. De 1971 \u00e0 2002, il a \u00e9t\u00e9 responsable de l\u2019YMCA de Munich (association \u0153cum\u00e9nique de jeunes chr\u00e9tiens). De 1982 \u00e0 1998, il \u00e9tait aussi vice-pr\u00e9sident de l\u2019YMCA World Urban Network (qui comprend plus de 2 000 associations dans le monde) et, depuis 1985, il \u00e9tait membre de l\u2019Advisory Bord de l\u2019International Carismatic Consultation.  <strong><img loading=\"lazy\" decoding=\"async\" src=\"https:\/\/www.focolare.org\/wp-content\/uploads\/layout\/edit\/foto\/foto2004\/20040124d.jpg\" border=\"0\" alt=\"\" hspace=\"5\" vspace=\"5\" width=\"200\" height=\"140\" align=\"left\" \/>Chiara Lubich a particuli\u00e8rement soulign\u00e9 son \u00ab r\u00f4le d\u00e9cisif \u00bb dans le chemin de communion entrepris entre mouvements et communaut\u00e9s de diff\u00e9rentes \u00c9glises.<\/strong> Le t\u00e9moignage en a \u00e9t\u00e9 donn\u00e9 par l\u2019importante repr\u00e9sentation de communaut\u00e9s et mouvements protestants et catholiques pr\u00e9sents \u00e0 la c\u00e9l\u00e9bration fun\u00e8bre (les obs\u00e8ques avaient d\u00e9j\u00e0 \u00e9t\u00e9 c\u00e9l\u00e9br\u00e9es) et par les nombreux messages, comme ceux\u00a0de la Communaut\u00e9 Sant\u2019Egidio et de Sch\u00f6nstatt.  Ce chemin de communion, entam\u00e9 en 1999, a d\u00e9bouch\u00e9 sur les grandes manifestations <em>\u00ab Ensemble pour l\u2019Europe \u00bb<\/em> qui se sont d\u00e9roul\u00e9es \u00e0 Stuttgart (Allemagne) en 2004 et en mai dernier, pour contribuer \u00e0 donner une \u00e2me au continent et \u00e0 surmonter les conflits et les barri\u00e8res.  La premi\u00e8re rencontre entre Helmut Nicklas et Chiara remonte aux ann\u00e9es soixante.  Nous rapportons ici l&rsquo;int\u00e9gralit\u00e9 du <strong>message de<\/strong> <strong>Chiara Lubich<\/strong>.  <em>\u00ab J\u2019ai revu apr\u00e8s de nombreuses ann\u00e9es Helmut Nicklas, en 1999, \u00e0 Ottmaring, avec plusieurs responsables de Mouvements protestants. C\u2019\u00e9tait le moment o\u00f9 naissait une communion entre Mouvements de diff\u00e9rentes \u00c9glises. \u00c0 partir de l\u00e0 ce cheminement, auquel nous participons, a connu plusieurs \u00e9tapes dans toute l\u2019Europe et au-del\u00e0, avec de grands d\u00e9veloppements, historiques du Peuple de Dieu.<\/em>  <em><img loading=\"lazy\" decoding=\"async\" src=\"http:\/\/ldap.focolare.org\/layout\/foto2004\/20040124d.jpg\" border=\"0\" alt=\"\" hspace=\"5\" vspace=\"5\" width=\"200\" height=\"140\" align=\"left\" \/>Et dans les diff\u00e9rentes \u00e9tapes de ce cheminement de communion, Helmut a toujours eu un r\u00f4le d\u00e9cisif.<\/em>  <em>Dans l\u2019\u00e9glise saint Matthieu, le 8 d\u00e9cembre 2001, a eu lieu un \u00e9change de dons spirituels dont nous nous souvenons comme \u00e9tant fondamental. Apr\u00e8s mon intervention sur l\u2019amour r\u00e9ciproque, Helmut a invit\u00e9 les 800 responsables des diff\u00e9rents Mouvements pr\u00e9sents \u00e0 faire un \u00ab pacte d\u2019amour r\u00e9ciproque \u00bb (Jn 13,34). Ce pacte, renouvel\u00e9 \u00e0 de nombreuses occasions, est consid\u00e9r\u00e9 le fondement de la communion entre les Mouvements et l\u2019accompagnera \u00e9galement dans l\u2019avenir.<\/em>  <em>Helmut \u00e9tait vraiment une personne charismatique par sa capacit\u00e9 d\u2019\u00e9couter la voix de Dieu et de la suivre avec une grande radicalit\u00e9. Cette capacit\u00e9 l\u2019a rendu clairvoyant et lui a donn\u00e9 la passion de l\u2019unit\u00e9.<\/em>  <em>Il a \u00e9t\u00e9 un v\u00e9ritable serviteur de la communion entre les Mouvements, une personne qui \u2013 comme il le disait lui-m\u00eame \u2013 doit \u00eatre capable de s\u2019oublier soi-m\u00eame, ainsi que les int\u00e9r\u00eats de sa propre communaut\u00e9, et de se mettre \u00e0 servir. Et il en a donn\u00e9 l\u2019exemple.<\/em>  <em>Nous tous du Mouvement des Focolari nous aurons toujours dans notre c\u0153ur Helmut Nicklas, ami bien-aim\u00e9 et v\u00e9ritable fr\u00e8re\u00bb.<\/em>  <em> <\/em><strong>\u00a0Durant la maladie d&rsquo;Helmut Nicklas, Chiara est rest\u00e9e en contact avec lui <\/strong>par l&rsquo;interm\u00e9diaire de membres des Focolari en Allemagne. Deux jours avant son d\u00e9part, il a confi\u00e9 \u00e0 Severin Schmid venu le voir \u00e0 la clinique \u00e0 Munich ce qu&rsquo;on peut consid\u00e9rer comme un testament concernant la communion entre les mouvements :  \u00ab\u00a0Nous avons v\u00e9cu des moments historiques. Ils sont comme des signaux qui nous indiqueront la route \u00e0 suivre dans l&rsquo;avenir. Nous devons rester fid\u00e8les \u00e0 ce que Dieu nous a fait vivre. Cette histoire doit \u00eatre racont\u00e9e\u00a0\u00bb.  <strong>Helmut Nicklas \u00e9tait l&rsquo;un des deux d\u00e9l\u00e9gu\u00e9s de l&rsquo;\u00c9glise protestante d&rsquo;Allemagne invit\u00e9s au Congr\u00e8s international<\/strong> qui a pr\u00e9c\u00e9d\u00e9 la grande rencontre des mouvements et communaut\u00e9s nouvelles avec le pape Beno\u00eet XVI, la veille de la Pentec\u00f4te 2006.  Dans une interview \u00e0 l&rsquo;agence Zenit o\u00f9 le journaliste lui demandait ce qui unit les mouvements et communaut\u00e9s protestants et catholiques, il a r\u00e9pondu : \u00ab\u00a0Avec les mouvements catholiques, ce qui nous unit, c&rsquo;est la conviction qu&rsquo;aujourd&rsquo;hui les hommes ont besoin de J\u00e9sus Christ\u00a0\u00bb.<\/p>\n","protected":false},"excerpt":{"rendered":"<p>Chiara Lubich \u00e9voque avec \u00e9motion cette \u00ab personnalit\u00e9 charismatique \u00bb, membre de l\u2019\u00c9glise luth\u00e9rienne d\u2019Allemagne, un des responsables du mouvement YMCA.<\/p>\n","protected":false},"author":34,"featured_media":0,"comment_status":"open","ping_status":"open","sticky":false,"template":"","format":"standard","meta":{"give_campaign_id":0,"_seopress_robots_primary_cat":"","_seopress_titles_title":"","_seopress_titles_desc":"","_seopress_robots_index":"","_et_pb_use_builder":"","_et_pb_old_content":"","_et_gb_content_width":"","footnotes":""},"categories":[47],"tags":[],"class_list":["post-297204","post","type-post","status-publish","format-standard","hentry","category-non-classifiee"],"_links":{"self":[{"href":"https:\/\/www.focolare.org\/fr\/wp-json\/wp\/v2\/posts\/297204","targetHints":{"allow":["GET"]}}],"collection":[{"href":"https:\/\/www.focolare.org\/fr\/wp-json\/wp\/v2\/posts"}],"about":[{"href":"https:\/\/www.focolare.org\/fr\/wp-json\/wp\/v2\/types\/post"}],"author":[{"embeddable":true,"href":"https:\/\/www.focolare.org\/fr\/wp-json\/wp\/v2\/users\/34"}],"replies":[{"embeddable":true,"href":"https:\/\/www.focolare.org\/fr\/wp-json\/wp\/v2\/comments?post=297204"}],"version-history":[{"count":0,"href":"https:\/\/www.focolare.org\/fr\/wp-json\/wp\/v2\/posts\/297204\/revisions"}],"wp:attachment":[{"href":"https:\/\/www.focolare.org\/fr\/wp-json\/wp\/v2\/media?parent=297204"}],"wp:term":[{"taxonomy":"category","embeddable":true,"href":"https:\/\/www.focolare.org\/fr\/wp-json\/wp\/v2\/categories?post=297204"},{"taxonomy":"post_tag","embeddable":true,"href":"https:\/\/www.focolare.org\/fr\/wp-json\/wp\/v2\/tags?post=297204"}],"curies":[{"name":"wp","href":"https:\/\/api.w.org\/{rel}","templated":true}]}}