{"id":297206,"date":"2007-08-25T22:00:00","date_gmt":"2007-08-25T20:00:00","guid":{"rendered":"https:\/\/www.focolare.org\/une-politique-decoute-lengagement-pour-le-bien-commun-priorite-aux-plus-pauvres\/"},"modified":"2024-05-13T20:58:41","modified_gmt":"2024-05-13T18:58:41","slug":"une-politique-decoute-lengagement-pour-le-bien-commun-priorite-aux-plus-pauvres","status":"publish","type":"post","link":"https:\/\/www.focolare.org\/fr\/une-politique-decoute-lengagement-pour-le-bien-commun-priorite-aux-plus-pauvres\/","title":{"rendered":"Une politique d\u2019\u00e9coute, l\u2019engagement pour le bien commun, priorit\u00e9 aux plus pauvres"},"content":{"rendered":"<p>\u00a0  <strong><strong><img decoding=\"async\" src=\"https:\/\/www.focolare.org\/wp-content\/uploads\/layout\/edit\/foto\/foto2007\/070906-01.jpg\" border=\"0\" alt=\"\" hspace=\"5\" vspace=\"5\" align=\"left\" \/><\/strong>\u00ab Mettre de c\u00f4t\u00e9 ses id\u00e9es pr\u00e9con\u00e7ues<\/strong> et ses convictions politiques pour r\u00e9apprendre \u00e0 respecter le prochain. \u00bb C\u2019est seulement ainsi qu\u2019est rendue possible une politique qui conjugue paix, justice, bien commun et qui exprime les aspirations et les attentes des jeunes.  <strong>C\u2019est ainsi que les jeunes, par l\u2019interm\u00e9diaire de leur repr\u00e9sentant,<\/strong> Laurent Moesching \u2013 \u00e9tudiant de 22 ans pr\u00e9sidant le comit\u00e9 compos\u00e9 de 14 jeunes, qui a mis sur pied Politics-party.ch -, ont montr\u00e9 qu\u2019ils accueillaient le d\u00e9fi lanc\u00e9 par Chiara Lubich, initiatrice du Mouvement politique pour l\u2019unit\u00e9 (Focolari) : \u00ab Si vous avez le courage d\u2019avoir cette logique d\u2019\u00e9coute et de travail en commun, alors, pourra se mettre en route un nouveau style de vie politique. \u00bb  <strong>Ce nouveau style fait partie des grandes attentes des jeunes,<\/strong> comme il est ressorti du dialogue tr\u00e8s anim\u00e9 entre eux et les personnalit\u00e9s politiques r\u00e9unies les 25 et 26 ao\u00fbt 2007 \u00e0 Martigny, avec de tr\u00e8s beaux \u00e9changes d\u2019exp\u00e9riences. 300 personnes participaient \u00e0 cette rencontre, dont 100 jeunes et des personnalit\u00e9s politiques engag\u00e9es au niveau national, cantonal et communal.  <strong>Hand in hand est une initiative n\u00e9e au Proche Orient.<\/strong> Elle a montr\u00e9 comment l\u2019\u00e9coute et le travail en commun sont possibles, m\u00eame dans des situations de grave conflit. Sonia Chason et Nebal Bakoey ont d\u00e9crit leur engagement dans le projet scolaire \u00ab Main dans la main \u00bb (Hand in hand) \u00e0 J\u00e9rusalem : une \u00e9cole qui part de l\u2019id\u00e9e que les cultures arabe et juive sont des valeurs importantes. Chaque classe a un enseignant juif et un enseignant arabe qui pr\u00e9parent ensemble le programme des cours. Nebal Bakoey explique : \u00ab Le respect est le fondement de tous nos \u00e9changes. Cela ne signifie pas que nous sommes toujours du m\u00eame avais mais que nous donnons de l\u2019importance \u00e0 ce que nous d\u00e9couvrons ensemble. \u00bb  <strong><strong><img decoding=\"async\" src=\"https:\/\/www.focolare.org\/wp-content\/uploads\/layout\/edit\/foto\/foto2007\/070906-02.jpg\" border=\"0\" alt=\"\" hspace=\"5\" vspace=\"5\" align=\"right\" \/><\/strong>Le pilier faible et pourtant fondamental\u2026<\/strong> Dans le th\u00e8me de fond de la journ\u00e9e, Lucia Fronza Crepaz, pr\u00e9sidente du Mouvement politique pour l\u2019unit\u00e9, a pr\u00e9sent\u00e9 la fraternit\u00e9 comme \u00ab cat\u00e9gorie apte \u00e0 inspirer l\u2019engagement politique \u00bb, et comme fondement de la vie civile dans une soci\u00e9t\u00e9 multiculturelle qui pr\u00e9sente de tr\u00e8s grand d\u00e9fis. Cette ancienne d\u00e9put\u00e9e italienne a indiqu\u00e9 les citoyens les plus pauvres comme une priorit\u00e9 politique, avec une image significative : \u00ab Pour \u00e9valuer la r\u00e9sistance d\u2019un pont, ce n\u2019est pas la capacit\u00e9 de port\u00e9e du pilier le plus fort qui est d\u00e9terminante mais celle du pilier le plus faible. \u00bb Les membres les plus faibles de notre soci\u00e9t\u00e9 doivent avoir la priorit\u00e9, \u00ab non par piti\u00e9, a-t-elle ajout\u00e9, mais parce que les plus pauvres, abandonn\u00e9s \u00e0 eux-m\u00eames, n\u2019ont pas de voix dans le cadre de la d\u00e9mocratie. \u00bb  <strong>Musique pop apr\u00e8s les interventions<\/strong> \u2013 Politics-party : c\u2019est ainsi qu\u2019avait \u00e9t\u00e9 annonc\u00e9 l\u2019\u00e9v\u00e9nement. Apr\u00e8s la politique est arriv\u00e9e le moment de la \u00ab party \u00bb : Les interventions ont laiss\u00e9 la place \u00e0 la musique pop et les d\u00e9bats \u00e0 la danse. L\u2019organisation \u00e9tait aux mains des jeunes, et en cela aussi la symbiose entre \u00ab politique \u00bb et \u00ab party \u00bb a \u00e9t\u00e9 r\u00e9ussie !<\/p>\n","protected":false},"excerpt":{"rendered":"<p>Un nouveau style partag\u00e9 par des jeunes et des personnalit\u00e9 politiques sur le terrain. Au Centre du Politics-party qui s\u2019est d\u00e9roul\u00e9 en Suisse.<\/p>\n","protected":false},"author":34,"featured_media":0,"comment_status":"open","ping_status":"open","sticky":false,"template":"","format":"standard","meta":{"give_campaign_id":0,"_seopress_robots_primary_cat":"","_seopress_titles_title":"","_seopress_titles_desc":"","_seopress_robots_index":"","_et_pb_use_builder":"","_et_pb_old_content":"","_et_gb_content_width":"","footnotes":""},"categories":[47],"tags":[],"class_list":["post-297206","post","type-post","status-publish","format-standard","hentry","category-non-classifiee"],"_links":{"self":[{"href":"https:\/\/www.focolare.org\/fr\/wp-json\/wp\/v2\/posts\/297206","targetHints":{"allow":["GET"]}}],"collection":[{"href":"https:\/\/www.focolare.org\/fr\/wp-json\/wp\/v2\/posts"}],"about":[{"href":"https:\/\/www.focolare.org\/fr\/wp-json\/wp\/v2\/types\/post"}],"author":[{"embeddable":true,"href":"https:\/\/www.focolare.org\/fr\/wp-json\/wp\/v2\/users\/34"}],"replies":[{"embeddable":true,"href":"https:\/\/www.focolare.org\/fr\/wp-json\/wp\/v2\/comments?post=297206"}],"version-history":[{"count":0,"href":"https:\/\/www.focolare.org\/fr\/wp-json\/wp\/v2\/posts\/297206\/revisions"}],"wp:attachment":[{"href":"https:\/\/www.focolare.org\/fr\/wp-json\/wp\/v2\/media?parent=297206"}],"wp:term":[{"taxonomy":"category","embeddable":true,"href":"https:\/\/www.focolare.org\/fr\/wp-json\/wp\/v2\/categories?post=297206"},{"taxonomy":"post_tag","embeddable":true,"href":"https:\/\/www.focolare.org\/fr\/wp-json\/wp\/v2\/tags?post=297206"}],"curies":[{"name":"wp","href":"https:\/\/api.w.org\/{rel}","templated":true}]}}