{"id":297216,"date":"2007-09-19T22:00:00","date_gmt":"2007-09-19T20:00:00","guid":{"rendered":"https:\/\/www.focolare.org\/ma-nuit-na-pas-dobscurite-pour-une-culture-de-la-resurrection\/"},"modified":"2024-05-13T20:58:43","modified_gmt":"2024-05-13T18:58:43","slug":"ma-nuit-na-pas-dobscurite-pour-une-culture-de-la-resurrection","status":"publish","type":"post","link":"https:\/\/www.focolare.org\/fr\/ma-nuit-na-pas-dobscurite-pour-une-culture-de-la-resurrection\/","title":{"rendered":"\u00ab Ma nuit n\u2019a pas d\u2019obscurit\u00e9 : pour une culture de la r\u00e9surrection \u00bb"},"content":{"rendered":"<p><strong><strong><img decoding=\"async\" src=\"https:\/\/www.focolare.org\/wp-content\/uploads\/layout\/edit\/foto\/foto2007\/070920-01.jpg\" border=\"0\" alt=\"\" hspace=\"5\" vspace=\"5\" align=\"left\" \/><\/strong>La spiritualit\u00e9 de communion est un apport pour l\u2019\u0153cum\u00e9nisme<\/strong> et pour le progr\u00e8s de la foi en ce 21e si\u00e8cle. C\u2019est la conviction, confirm\u00e9e par l\u2019exp\u00e9rience, qui rapproche les \u00e9v\u00eaques amis du Mouvement des Focolari de plusieurs Eglises et espaces culturels\u00a0 du monde, r\u00e9unis \u00e0 Prague. Ils sont une quarantaine, provenant de 18 pays \u2013 Australie, Inde, Liban, Su\u00e8de, Allemagne, Italie, R\u00e9publique Tch\u00e8que\u2026- r\u00e9unis pour la 26e \u00e9dition de leur rencontre annuelle.  <strong>Le 23 septembre, journ\u00e9e au cours de laquelle Prague c\u00e9l\u00e8bre le <em>dimanche \u0153cum\u00e9nique national,<\/em><\/strong> rendez-vous des \u00e9v\u00eaques avec des personnalit\u00e9s du monde religieux et civile, t\u00e9moignage du dialogue v\u00e9cu entre eux.  <strong><strong><img decoding=\"async\" src=\"https:\/\/www.focolare.org\/wp-content\/uploads\/layout\/edit\/foto\/foto2007\/070920-02.jpg\" border=\"0\" alt=\"\" hspace=\"5\" vspace=\"5\" align=\"right\" \/><\/strong>Au programme, visite aux communaut\u00e9s des diverses Confessions chr\u00e9tiennes de la ville,<\/strong> afin de conna\u00eetre leur vie et leur histoire, souvent marqu\u00e9e par la r\u00e9pression et les pers\u00e9cutions \u00e0 chaque manifestation publique de leur foi.  <strong>Un th\u00e8me, \u00ab Ma nuit n\u2019a pas d\u2019obscurit\u00e9 : pour une culture de la r\u00e9surrection \u00bb<\/strong> a constitu\u00e9 le fil conducteur de ces journ\u00e9es de rencontre.\u00a0 Une invitation \u00e0 regarder en face les sympt\u00f4mes de la \u00ab nuit \u00bb culturelle et collective qui marquent une grande partie de l\u2019humanit\u00e9 et n\u2019\u00e9pargnent pas les croyants, mais aussi une invitation \u00e0 percevoir les nombreux signes d\u2019esp\u00e9rance et de vie. Et parmi ceux-ci, les r\u00e9cents \u00e9v\u00e9nements \u0153cum\u00e9niques europ\u00e9ens qui se sont tenus \u00e0 Sibiu (en Roumanie) en septembre, et \u00e0 Stuttgart (en Allemagne) en mai dernier. Diff\u00e9rents moments d\u2019\u00e9changes de t\u00e9moignages \u00e9taient pr\u00e9vus entre les \u00e9v\u00eaques et avec les repr\u00e9sentants du monde social, \u00e9conomique et culturel.  <strong>Ces rencontres s\u2019inscrivent sur le fond de la spiritualit\u00e9 de l\u2019unit\u00e9,<\/strong> qui caract\u00e9rise le Mouvement des Focolari. Bureau de presse Prague  Irena Sargankowa &#8211; cell.\u00a0<span style=\"color: #333333\"><span style=\"font-family: Tahoma\"><span style=\"font-size: xx-small\">\u00a0<\/span><span style=\"font-size: x-small\"><strong>00420604935872<\/strong><\/span><strong><span style=\"font-size: x-small\">\u00a0\u00a0\u00a0\u00a0\u00a0\u00a0<\/span><\/strong><span style=\"font-size: xx-small\">\u00a0<\/span><\/span><\/span><strong>Servizio Informazione Focolari<\/strong> &#8211; Rocca di Papa (Roma)\u00a0 tel. 06.947989 &#8211; Carla Cotignoli cell. 348.8563347<\/p>\n","protected":false},"excerpt":{"rendered":"<p>40 \u00e9v\u00eaques amis du Mouvement des Focolari (orthodoxes, siro-orthodoxes, anglicans, \u00e9vang\u00e9liques-luth\u00e9riens, m\u00e9thodistes et catholiques de 18 pays r\u00e9unis \u00e0 Prague pour la 26e rencontre \u0153cum\u00e9nique internationale. Prague, 20-27 septembre 2007<\/p>\n","protected":false},"author":34,"featured_media":0,"comment_status":"open","ping_status":"open","sticky":false,"template":"","format":"standard","meta":{"give_campaign_id":0,"_seopress_robots_primary_cat":"","_seopress_titles_title":"","_seopress_titles_desc":"","_seopress_robots_index":"","_et_pb_use_builder":"","_et_pb_old_content":"","_et_gb_content_width":"","footnotes":""},"categories":[906],"tags":[],"class_list":["post-297216","post","type-post","status-publish","format-standard","hentry","category-focolare-worldwide-2-3"],"_links":{"self":[{"href":"https:\/\/www.focolare.org\/fr\/wp-json\/wp\/v2\/posts\/297216","targetHints":{"allow":["GET"]}}],"collection":[{"href":"https:\/\/www.focolare.org\/fr\/wp-json\/wp\/v2\/posts"}],"about":[{"href":"https:\/\/www.focolare.org\/fr\/wp-json\/wp\/v2\/types\/post"}],"author":[{"embeddable":true,"href":"https:\/\/www.focolare.org\/fr\/wp-json\/wp\/v2\/users\/34"}],"replies":[{"embeddable":true,"href":"https:\/\/www.focolare.org\/fr\/wp-json\/wp\/v2\/comments?post=297216"}],"version-history":[{"count":0,"href":"https:\/\/www.focolare.org\/fr\/wp-json\/wp\/v2\/posts\/297216\/revisions"}],"wp:attachment":[{"href":"https:\/\/www.focolare.org\/fr\/wp-json\/wp\/v2\/media?parent=297216"}],"wp:term":[{"taxonomy":"category","embeddable":true,"href":"https:\/\/www.focolare.org\/fr\/wp-json\/wp\/v2\/categories?post=297216"},{"taxonomy":"post_tag","embeddable":true,"href":"https:\/\/www.focolare.org\/fr\/wp-json\/wp\/v2\/tags?post=297216"}],"curies":[{"name":"wp","href":"https:\/\/api.w.org\/{rel}","templated":true}]}}