{"id":297234,"date":"2007-11-06T23:00:00","date_gmt":"2007-11-06T22:00:00","guid":{"rendered":"https:\/\/www.focolare.org\/pour-repondre-aux-situations-complexes-dans-lesquelles-se-trouve-la-famille-le-secret-cest-vraiment-de-vivre-levangile\/"},"modified":"2024-05-13T20:58:45","modified_gmt":"2024-05-13T18:58:45","slug":"pour-repondre-aux-situations-complexes-dans-lesquelles-se-trouve-la-famille-le-secret-cest-vraiment-de-vivre-levangile","status":"publish","type":"post","link":"https:\/\/www.focolare.org\/fr\/pour-repondre-aux-situations-complexes-dans-lesquelles-se-trouve-la-famille-le-secret-cest-vraiment-de-vivre-levangile\/","title":{"rendered":"Pour r\u00e9pondre aux situations complexes dans lesquelles se trouve la famille \u201cLe secret, c\u2019est vraiment de vivre l\u2019Evangile !\u201d"},"content":{"rendered":"<p><strong>Face \u00e0 tant de d\u00e9fis sociaux et \u00e9conomiques, culturels et religieux que la soci\u00e9t\u00e9 contemporaine doit relever<\/strong> <em>dans toutes les r\u00e9gions du monde, votre oeuvre est vraiment providentielle. Elle constitue un signe d\u2019esp\u00e9rance et un encouragement pour les familles chr\u00e9tiennes \u00e0 \u00eatre un \u201cespace\u201d privil\u00e9gi\u00e9 o\u00f9 est proclam\u00e9, dans la vie de chaque jour, la beaut\u00e9 de centrer sa vie sur J\u00e9sus Christ et d\u2019en suivre fid\u00e8lement l\u2019Evangile.\u201d Telles sont les paroles adress\u00e9es par Beno\u00eet XVI<\/em> aux 400 repr\u00e9sentants du Mouvement Familles Nouvelles lors d\u2019une audience, le samedi 3 novembre 2007.<em><strong><em><strong><a rel=\"attachment wp-att-48403\" href=\"https:\/\/www.focolare.org\/news\/2007\/11\/07\/per-rispondere-alle-sfide-poste-alla-famiglia-%e2%80%9cil-segreto-e-proprio-vivere-il-vangelo%e2%80%9d\/071107-01-4\/\"><img loading=\"lazy\" decoding=\"async\" class=\"alignright\" style=\"margin: 5px;border: 0px\" src=\"https:\/\/www.focolare.org\/wp-content\/uploads\/2007\/11\/071107-012.jpg\" alt=\"\" width=\"200\" height=\"200\" \/><\/a><\/strong><\/em><\/strong><\/em>  <strong>Telle est la famille \u201cconstruite sur le roc\u201d, celle qui choisit de transformer l\u2019Evangile en actes,<\/strong> selon l\u2019esprit de la rencontre organis\u00e9e du 1er au 6 novembre par le Mouvement Familles Nouvelles : <em>\u201cVivre l\u2019Evangile est vraiment vraiment votre secret\u201d<\/em> a dit le Pape, \u00e0 une \u00e9poque o\u00f9 la famille vit souvent <em>\u201cdes situations complexes et difficiles\u201d.<\/em> <em>\u00ab\u00a0On peut penser\u201d<\/em> a observ\u00e9 Beno\u00eet XVI, <em>\u00ab\u00a0aux doutes des fianc\u00e9s face aux choix d\u00e9finitifs pour l\u2019avenir, \u00e0 la crise que traversent les couples, aux s\u00e9parations et aux divorces, aux unions ill\u00e9gitimes, aux conditions des veuves, aux familles en difficult\u00e9,\u00e0 l\u2019accueil des enfants abandonn\u00e9s.\u00a0\u00bb<\/em>  Au d\u00e9but de son intervention, le Pape a envoy\u00e9 ses salutations \u00e0 Chiara Lubich, en la remerciant <em>\u201cCar, avec sagesse et une ferme adh\u00e9sion \u00e0 l\u2019Eglise, elle continue \u00e0 guider la grande famille des Focolari.\u201d<\/em>  <strong>L\u2019apr\u00e8s-midi, les familles, r\u00e9unies dans la salle des Congr\u00e8s de Castelgandofo (Rome),<\/strong> ont c\u00e9l\u00e9br\u00e9 leur 40e anniversaire, reli\u00e9es via internet avec les Familles Nouvelles du monde entier: elles ont re-\u00e9cout\u00e9 avec \u00e9motion les praroles prononc\u00e9es par Chiara Lubich en 1967. Celle-ci pr\u00e9voyait alors la naissance d\u2019un tr\u00e8s vaste mouvement de familles. Cette fois-ci encore, avec un nouveau message adress\u00e9 aux familles, elle leur a donn\u00e9 l\u2019impulsion pour ce jour et pour l\u2019engagement \u00e0 venir.  <em><strong><img loading=\"lazy\" decoding=\"async\" src=\"http:\/\/ldap.focolare.org\/layout\/foto2007\/071107-02.jpg\" border=\"0\" alt=\"\" hspace=\"5\" vspace=\"5\" width=\"200\" height=\"200\" align=\"left\" \/>\u201cApr\u00e8s quarante ans, voyant le d\u00e9veloppement et les fruits port\u00e9s port\u00e9s par le Mouvement Familles Nouvelles, on comprend encore mieux le pourquoi de cette impulsion particuli\u00e8re de l\u2019Esprit Saint\u00a0\u00bb,<\/strong><\/em> disait-elle dans son message. <em>\u00ab\u00a0Il s\u2019agissait en effet d\u2019un geste tr\u00e8s engageant. Et pas seulement parce que la famille, premi\u00e8re cellule de la soci\u00e9t\u00e9, a une importance \u00e9normepour la construction d\u2019un monde de valeurs et de paix, mais parce que dieu l\u2019a projet\u00e9e sur le mod\u00e8le m\u00eame de Sa vie, la vie de la Sainte Trinit\u00e9.\u201d<\/em>  <strong>Un dessein hardi et tr\u00e8s beau, que celui de la famille, mais \u00e9galement exigeant, en particulier aujourd\u2019hui.<\/strong> Chiara a souhait\u00e9 aux Familles Nouvelles <em>\u201cd\u2019\u00eatre dans ce monde des t\u00e9moins d\u2019unit\u00e9, d\u2019amour durable d\u2019Evangile v\u00e9cu\u201d. \u201cVous continuerez \u00e0 attirer de nombreux coeurs \u00e0 l\u2019amour, jusqu\u2019\u00e0 r\u00e9aliser, avec le Mouvement des Focolari dans son ensemble, la fraternit\u00e9 universelle.\u201d<\/em>  <strong>Durant les deux heures de transmission, via internet, s\u2019est v\u00e9cue une communion profonde<\/strong> de t\u00e9moignages de familles et d\u2019interventions portant sur les diff\u00e9rentes probl\u00e9matiques v\u00e9cues par la famille au cours de ces quarante ann\u00e9es d\u2019histoire. C\u2019est ce dont t\u00e9moignaient les nombreuses concr\u00e9tisations, \u00e0 petite comme \u00e0 plus vaste \u00e9chelle: depuis les sessions pour les fianc\u00e9s, pour les familles, jusqu\u2019aux nombreux parrainages internationaux.  Pour en savoir plus : <a href=\"http:\/\/www.famiglienuove.info\/\">www.famiglienuove.info<\/a><\/p>\n","protected":false},"excerpt":{"rendered":"<p>Ce sont les paroles adress\u00e9es par Beno\u00eet XVI aux Familles Nouvelles des Focolari qui se retrouvaient \u00e0 Rome des cinq continents pour reparcourir les 40ann\u00e9es \u00e9coul\u00e9es depuis leur fondation. Et voir les perpectives \u00e0 venir.<\/p>\n","protected":false},"author":34,"featured_media":0,"comment_status":"open","ping_status":"open","sticky":false,"template":"","format":"standard","meta":{"give_campaign_id":0,"_seopress_robots_primary_cat":"","_seopress_titles_title":"","_seopress_titles_desc":"","_seopress_robots_index":"","_et_pb_use_builder":"","_et_pb_old_content":"","_et_gb_content_width":"","footnotes":""},"categories":[47],"tags":[],"class_list":["post-297234","post","type-post","status-publish","format-standard","hentry","category-non-classifiee"],"_links":{"self":[{"href":"https:\/\/www.focolare.org\/fr\/wp-json\/wp\/v2\/posts\/297234","targetHints":{"allow":["GET"]}}],"collection":[{"href":"https:\/\/www.focolare.org\/fr\/wp-json\/wp\/v2\/posts"}],"about":[{"href":"https:\/\/www.focolare.org\/fr\/wp-json\/wp\/v2\/types\/post"}],"author":[{"embeddable":true,"href":"https:\/\/www.focolare.org\/fr\/wp-json\/wp\/v2\/users\/34"}],"replies":[{"embeddable":true,"href":"https:\/\/www.focolare.org\/fr\/wp-json\/wp\/v2\/comments?post=297234"}],"version-history":[{"count":0,"href":"https:\/\/www.focolare.org\/fr\/wp-json\/wp\/v2\/posts\/297234\/revisions"}],"wp:attachment":[{"href":"https:\/\/www.focolare.org\/fr\/wp-json\/wp\/v2\/media?parent=297234"}],"wp:term":[{"taxonomy":"category","embeddable":true,"href":"https:\/\/www.focolare.org\/fr\/wp-json\/wp\/v2\/categories?post=297234"},{"taxonomy":"post_tag","embeddable":true,"href":"https:\/\/www.focolare.org\/fr\/wp-json\/wp\/v2\/tags?post=297234"}],"curies":[{"name":"wp","href":"https:\/\/api.w.org\/{rel}","templated":true}]}}