{"id":297248,"date":"2008-01-11T23:00:00","date_gmt":"2008-01-11T22:00:00","guid":{"rendered":"https:\/\/www.focolare.org\/donnons-de-la-couleur-a-nos-villes-une-action-des-juniors-pour-un-monde-uni-sur-tous-les-continents\/"},"modified":"2024-05-13T20:58:47","modified_gmt":"2024-05-13T18:58:47","slug":"donnons-de-la-couleur-a-nos-villes-une-action-des-juniors-pour-un-monde-uni-sur-tous-les-continents","status":"publish","type":"post","link":"https:\/\/www.focolare.org\/fr\/donnons-de-la-couleur-a-nos-villes-une-action-des-juniors-pour-un-monde-uni-sur-tous-les-continents\/","title":{"rendered":"\u00ab Donnons de la couleur \u00e0 nos villes \u00bb Une action des Juniors Pour un Monde Uni sur tous les continents"},"content":{"rendered":"<p><strong>Un programme engageant  : la \u00ab conqu\u00eate \u00bb de la ville.<\/strong> Depuis quelques ann\u00e9es, les Juniors Pour  un Monde Uni ont d\u00e9cid\u00e9 de se retrousser les manches dans leurs villes o\u00f9, on le  sait bien, se joue le d\u00e9fi de la cohabitation entre les hommes.  <a rel=\"attachment wp-att-44340\" href=\"https:\/\/www.focolare.org\/news\/2008\/01\/12\/%e2%80%9ccoloriamo-le-citta%e2%80%9d-in-tutti-i-continenti-un%e2%80%99azione-dei-ragazzi-per-l%e2%80%99unita\/080112-03-2\/\"><img loading=\"lazy\" decoding=\"async\" class=\"alignright\" src=\"..\/wp-content\/uploads\/2008\/01\/080112-03.jpg\" alt=\"\" width=\"200\" height=\"200\" \/><\/a>  <strong>Leur mot d\u2019ordre est simple : \u00ab Donnons de la couleur. \u00bb<\/strong> Leur champ d\u2019action de pr\u00e9f\u00e9rence ? Les angles les plus gris de leurs villes et  de leurs villages. Objectif ? Leur donner de la couleur avec la fantaisie de  l\u2019amour, sur les cinq continents, par une m\u00e9thode bien r\u00e9sum\u00e9e dans le think  globally, act locally qui les fait, justement, penser globalement et agir  localement, comme le requiert la soci\u00e9t\u00e9 d\u2019aujourd\u2019hui.  <strong>A Milan, par exemple, les Juniors ont pris dans leur ligne de mire un  camp Rom.<\/strong> Au Rwanda, ils ont pris comme objectif de leur action un  orphelinat, un\u00a0 service de p\u00e9diatrie dans un h\u00f4pital et les malades du Sida. En  Californie, dans une \u00e9cole o\u00f9 r\u00e8gne une atmosph\u00e8re de racisme, ils ont cr\u00e9\u00e9 un  club pour diffuser la culture du respect dans la diversit\u00e9. En Inde, des juniors  indous et chr\u00e9tiens vont ensemble aider des jeunes de leur \u00e2ge handicap\u00e9s.  <strong>Mais mettons le projecteur sur ce qui est arriv\u00e9 \u00e0 un groupe de  Juniors africains<\/strong> qui avaient d\u00e9cid\u00e9 de rendre visite \u00e0 des d\u00e9tenues de  la prison de Iringa, en Tanzanie. Ils racontent\u2026  <strong><a rel=\"attachment wp-att-44338\" href=\"https:\/\/www.focolare.org\/news\/2008\/01\/12\/%e2%80%9ccoloriamo-le-citta%e2%80%9d-in-tutti-i-continenti-un%e2%80%99azione-dei-ragazzi-per-l%e2%80%99unita\/080112-04-2\/\"><img loading=\"lazy\" decoding=\"async\" class=\"alignleft\" style=\"border: 0pt none;margin: 5px\" src=\"..\/wp-content\/uploads\/2008\/01\/080112-04.jpg\" alt=\"\" width=\"200\" height=\"200\" \/><\/a><\/strong><strong>\u00ab La premi\u00e8re  difficult\u00e9 a \u00e9t\u00e9 de convaincre le personnel p\u00e9nitentiaire de nous laisser  entrer.<\/strong> La seconde, a \u00e9t\u00e9 de r\u00e9ussir \u00e0 apporter les cadeaux que nous  avions mis en commun : fruits, sel, savons\u2026 et aussi la \u2018\u2019Parole de vie\u2019\u2019, nos  exp\u00e9riences et nos chants. Nous avons march\u00e9 trois kilom\u00e8tres avant de nous  pr\u00e9senter devant les militaires de garde \u00e0 l\u2019entr\u00e9e. Ils \u00e9taient arm\u00e9s et, sur  leur visage, pas l\u2019ombre d\u2019un sourire ! Nous souvenant que nous devions  reconna\u00eetre aussi en eux le visage de J\u00e9sus, nous les avons salu\u00e9s, en  commen\u00e7ant nous \u00e0 leur sourire. \u00ab Vous ne pouvez pas tous entrer ! nous ont-ils  d\u00e9clar\u00e9. Et ceux que nous choisirons parmi vous ne devront pas chanter  l\u00e0-dedans. \u00bb En revanche, ils nous ont permis de porter nos cadeaux.  <strong>Avec les d\u00e9tenues, nous avons lu la Parole de vie<\/strong> et  t\u00e9moign\u00e9 de comment elle change notre vie. Tandis que nous parlions de l\u2019amour  de Dieu qui s\u2019adresse \u00e0 tous et auquel nous pouvons r\u00e9pondre aussi par le n\u00f4tre,  les gardes nous \u00e9coutaient en silence. A la fin, la joie des prisonni\u00e8res a  \u00e9clat\u00e9 en des chants et des danses : c\u2019\u00e9tait leur mani\u00e8re de nous remercier. Le  personnel de surveillance, se demandait int\u00e9rieurement : \u2018\u2019Mais qui sont ces  jeunes ?\u2019\u2019 Nous sommes retourn\u00e9s chez nous heureux, avec de nouvelles forces  pour continuer \u00e0 donner de la couleur \u00e0 la ville. \u00bb<\/p>\n","protected":false},"excerpt":{"rendered":"<p>Colorear los rincones grises de la ciudad con una competencia para ver qui\u00e9n se dona m\u00e1s. Adolescentes involucrados en una iniciativa que tiende a construir relaciones de fraternidad<\/p>\n","protected":false},"author":34,"featured_media":0,"comment_status":"open","ping_status":"open","sticky":false,"template":"","format":"standard","meta":{"give_campaign_id":0,"_seopress_robots_primary_cat":"","_seopress_titles_title":"","_seopress_titles_desc":"","_seopress_robots_index":"","_et_pb_use_builder":"","_et_pb_old_content":"","_et_gb_content_width":"","footnotes":""},"categories":[47],"tags":[],"class_list":["post-297248","post","type-post","status-publish","format-standard","hentry","category-non-classifiee"],"_links":{"self":[{"href":"https:\/\/www.focolare.org\/fr\/wp-json\/wp\/v2\/posts\/297248","targetHints":{"allow":["GET"]}}],"collection":[{"href":"https:\/\/www.focolare.org\/fr\/wp-json\/wp\/v2\/posts"}],"about":[{"href":"https:\/\/www.focolare.org\/fr\/wp-json\/wp\/v2\/types\/post"}],"author":[{"embeddable":true,"href":"https:\/\/www.focolare.org\/fr\/wp-json\/wp\/v2\/users\/34"}],"replies":[{"embeddable":true,"href":"https:\/\/www.focolare.org\/fr\/wp-json\/wp\/v2\/comments?post=297248"}],"version-history":[{"count":0,"href":"https:\/\/www.focolare.org\/fr\/wp-json\/wp\/v2\/posts\/297248\/revisions"}],"wp:attachment":[{"href":"https:\/\/www.focolare.org\/fr\/wp-json\/wp\/v2\/media?parent=297248"}],"wp:term":[{"taxonomy":"category","embeddable":true,"href":"https:\/\/www.focolare.org\/fr\/wp-json\/wp\/v2\/categories?post=297248"},{"taxonomy":"post_tag","embeddable":true,"href":"https:\/\/www.focolare.org\/fr\/wp-json\/wp\/v2\/tags?post=297248"}],"curies":[{"name":"wp","href":"https:\/\/api.w.org\/{rel}","templated":true}]}}