{"id":297250,"date":"2008-01-15T23:00:00","date_gmt":"2008-01-15T22:00:00","guid":{"rendered":"https:\/\/www.focolare.org\/cardinal-bertone-la-communion-fondement-de-leglise\/"},"modified":"2024-05-13T20:58:47","modified_gmt":"2024-05-13T18:58:47","slug":"cardinal-bertone-la-communion-fondement-de-leglise","status":"publish","type":"post","link":"https:\/\/www.focolare.org\/fr\/cardinal-bertone-la-communion-fondement-de-leglise\/","title":{"rendered":"Cardinal Bertone : la communion, fondement de l\u2019\u00c9glise"},"content":{"rendered":"<p>&nbsp;  <strong><a rel=\"attachment wp-att-43891\" href=\"https:\/\/www.focolare.org\/news\/2008\/01\/16\/card-bertone-la-comunione-base-della-chiesa\/080118-04-2\/\"><img loading=\"lazy\" decoding=\"async\" class=\"alignright\" src=\"..\/wp-content\/uploads\/2008\/01\/080118-04.jpg\" alt=\"\" width=\"200\" height=\"200\" \/><\/a><\/strong>  <strong>Le cardinal a entendu les t\u00e9moignages<\/strong> de quelques \u00ab  focolares sacerdotaux \u00bb sur les effets du charisme de l\u2019unit\u00e9 dans des contextes  eccl\u00e9siaux et socio culturels. En Irlande o\u00f9, dans un contexte de s\u00e9cularisation  croissante, une relation nouvelle s\u2019\u00e9tablit avec l\u2019\u00e9v\u00eaque et avec les autres  pr\u00eatres, \u00e0 quoi s\u2019ajoute un engagement dans les universit\u00e9s, dans le domaine  \u0153cum\u00e9nique et interreligieux et une pr\u00e9sence efficace dans le monde des m\u00e9dias.  En Suisse, o\u00f9 le t\u00e9moignage de l\u2019unit\u00e9 suscite des vocations, o\u00f9 la vie commune  entre pr\u00eatres devient un point de r\u00e9f\u00e9rence pour les autres presbyt\u00e8res et un  antidote aux crises de la vocation, o\u00f9 l\u2019assembl\u00e9e est plus nombreuse \u00e0 la messe  dominicale. Et en Italie, \u00e0 Ascoli Piceno, o\u00f9 la collaboration entre pr\u00eatres et  la\u00efcs anim\u00e9s par la spiritualit\u00e9 de communion insuffle une vie nouvelle dans les  villes, comme par exemple en octobre dernier, quand les jeunes des Focolari ont  r\u00e9ussi \u00e0 impliquer les institutions civiles et la population dans l\u2019organisation  d\u2019une de leurs manifestations.  <strong>Les pr\u00eatres ont pos\u00e9  des questions au Secr\u00e9taire d\u2019\u00c9tat<\/strong> sur le d\u00e9roulement du magist\u00e8re de  Beno\u00eet XVI, sur les d\u00e9fis actuels de l\u2019\u00c9glise dans le monde, sur les lacunes des  communaut\u00e9s eccl\u00e9siales, sur les priorit\u00e9s dans les choix pastoraux\u2026 <strong><a rel=\"attachment wp-att-43892\" href=\"https:\/\/www.focolare.org\/news\/2008\/01\/16\/card-bertone-la-comunione-base-della-chiesa\/080118-02\/\"><img loading=\"lazy\" decoding=\"async\" class=\"alignright\" style=\"border: 0pt none;margin: 5px\" src=\"..\/wp-content\/uploads\/2008\/01\/080118-02.jpg\" alt=\"\" width=\"200\" height=\"200\" \/><\/a><\/strong>Le r\u00f4le des  mouvements d\u2019\u00c9glise, \u00ab l\u2019\u00c9glise communion \u00bb, la formation dans les s\u00e9minaires,  l\u2019aide aux pr\u00eatres en difficult\u00e9 ont aussi \u00e9t\u00e9 abord\u00e9s, ainsi que les relations  personnelles quotidiennes du cardinal avec le pape.  <strong>\u00ab Le peu d\u2019importance accord\u00e9 \u00e0 la foi \u00bb, \u00ab l\u2019isolement et la  solitude \u00bb<\/strong> sont les principaux d\u00e9fis actuels \u00e0 relever par les  chr\u00e9tiens. Le cardinal a rappel\u00e9 cette r\u00e9flexion du cardinal Ratzinger, publi\u00e9e  dans un ouvrage r\u00e9cent : \u00ab La preuve extr\u00eame de la solitude incommunicable est  l\u2019enfer \u00bb. \u00ab Cela veut dire que la solitude, nous la commen\u00e7ons d\u00e8s maintenant,  l\u2019enfer, nous le commen\u00e7ons d\u00e8s maintenant \u00bb. Il a cit\u00e9 Sartre : \u00ab L\u2019enfer,  c\u2019est les autres \u00bb, et Gabriel Marcel, pour qui les autres sont le ciel. \u00ab Alors  \u2013 a-t-il ajout\u00e9 \u2013 le ciel, le paradis, nous le commen\u00e7ons ici avec la  spiritualit\u00e9 de communion, avec le charisme de communion. Le contraire de la  solitude \u00bb.  <strong>En r\u00e9ponse au relativisme :<\/strong> \u00ab Il ne faut jamais se lasser de  chercher la v\u00e9rit\u00e9 et les t\u00e9moins de la v\u00e9rit\u00e9 \u00bb.  <strong>Et la r\u00e9ponse \u00e0 cette question personnelle :<\/strong> \u00ab Vous \u00eates un  illustre fils de saint Jean Bosco. De quelle mani\u00e8re cette filiation  charismatique vous aide-t-elle dans votre minist\u00e8re actuel ? \u00bb. \u00ab Le charisme  sal\u00e9sien m\u2019a toujours aid\u00e9 dans ma vie, depuis mon adolescence. Puis je suis  entr\u00e9 dans la congr\u00e9gation, j\u2019ai assimil\u00e9 cet esprit de famille, la capacit\u00e9  d\u2019\u00e9coute et d\u2019accueil, de confiance\u2026 \u00bb.  <strong><a rel=\"attachment wp-att-43890\" href=\"https:\/\/www.focolare.org\/news\/2008\/01\/16\/card-bertone-la-comunione-base-della-chiesa\/080116-02-2\/\"><img loading=\"lazy\" decoding=\"async\" class=\"alignleft\" style=\"border: 0pt none;margin: 5px\" src=\"..\/wp-content\/uploads\/2008\/01\/080116-02.jpg\" alt=\"\" width=\"200\" height=\"200\" \/><\/a><\/strong><strong>Sur les mouvements  d\u2019\u00c9glise :<\/strong> \u00ab Ils ont toute leur place dans l\u2019\u00c9glise. Leur pr\u00e9sence,  vive, efficace, transformante, suscite aussi l\u2019attention des non chr\u00e9tiens \u00bb. Et  \u00e0 propos des anciens et nouveaux charismes : \u00ab Le Seigneur continue son \u0153uvre de  cr\u00e9ation, le processus de cr\u00e9ation est en cours dans l\u2019univers, dans le cosmos\u2026  surtout par l\u2019action de l\u2019Esprit Saint \u00bb. Le cardinal a encourag\u00e9 \u00e0 \u00ab d\u00e9velopper  l\u2019esprit et la pratique de communion entre les nouveaux charismes et les  instituts qui ont une longue histoire \u00bb.  <strong>Le cardinal Bertone a adress\u00e9 un \u00ab chaleureux salut \u00bb \u00e0 Chiara  Lubich,<\/strong> non sans avoir reconnu le r\u00f4le essentiel des fondateurs dans la  vie de l\u2019\u00c9glise.<\/p>\n","protected":false},"excerpt":{"rendered":"<p>Le Secr\u00e9taire d\u2019\u00c9tat a rendu visite aux pr\u00eatres focolarini pendant leur rencontre annuelle au Centre Mariapolis de Castel Gandolfo.<\/p>\n","protected":false},"author":34,"featured_media":0,"comment_status":"open","ping_status":"open","sticky":false,"template":"","format":"standard","meta":{"give_campaign_id":0,"_seopress_robots_primary_cat":"","_seopress_titles_title":"","_seopress_titles_desc":"","_seopress_robots_index":"","_et_pb_use_builder":"","_et_pb_old_content":"","_et_gb_content_width":"","footnotes":""},"categories":[47],"tags":[],"class_list":["post-297250","post","type-post","status-publish","format-standard","hentry","category-non-classifiee"],"_links":{"self":[{"href":"https:\/\/www.focolare.org\/fr\/wp-json\/wp\/v2\/posts\/297250","targetHints":{"allow":["GET"]}}],"collection":[{"href":"https:\/\/www.focolare.org\/fr\/wp-json\/wp\/v2\/posts"}],"about":[{"href":"https:\/\/www.focolare.org\/fr\/wp-json\/wp\/v2\/types\/post"}],"author":[{"embeddable":true,"href":"https:\/\/www.focolare.org\/fr\/wp-json\/wp\/v2\/users\/34"}],"replies":[{"embeddable":true,"href":"https:\/\/www.focolare.org\/fr\/wp-json\/wp\/v2\/comments?post=297250"}],"version-history":[{"count":0,"href":"https:\/\/www.focolare.org\/fr\/wp-json\/wp\/v2\/posts\/297250\/revisions"}],"wp:attachment":[{"href":"https:\/\/www.focolare.org\/fr\/wp-json\/wp\/v2\/media?parent=297250"}],"wp:term":[{"taxonomy":"category","embeddable":true,"href":"https:\/\/www.focolare.org\/fr\/wp-json\/wp\/v2\/categories?post=297250"},{"taxonomy":"post_tag","embeddable":true,"href":"https:\/\/www.focolare.org\/fr\/wp-json\/wp\/v2\/tags?post=297250"}],"curies":[{"name":"wp","href":"https:\/\/api.w.org\/{rel}","templated":true}]}}