{"id":297272,"date":"2008-03-17T23:00:00","date_gmt":"2008-03-17T22:00:00","guid":{"rendered":"https:\/\/www.focolare.org\/ladieu-a-chiara-lubich-a-st-paul-hors-les-murs-a-rome-mardi-18-mars-a-15h00\/"},"modified":"2024-05-13T20:59:01","modified_gmt":"2024-05-13T18:59:01","slug":"ladieu-a-chiara-lubich-a-st-paul-hors-les-murs-a-rome-mardi-18-mars-a-15h00","status":"publish","type":"post","link":"https:\/\/www.focolare.org\/fr\/ladieu-a-chiara-lubich-a-st-paul-hors-les-murs-a-rome-mardi-18-mars-a-15h00\/","title":{"rendered":"L\u2019Adieu \u00e0 Chiara Lubich \u00e0 St Paul hors-les-murs \u00e0 Rome Mardi 18 mars \u00e0 15h00"},"content":{"rendered":"<p><strong>Le message du Pape Beno\u00eet XVI<\/strong>  \u00ab J\u2019ai appris avec une profonde \u00e9motion la nouvelle de la mort de Chiara, au terme d\u2019une vie longue et f\u00e9conde marqu\u00e9e par son grand amour pour J\u00e9sus Abandonn\u00e9 \u00bb. Ce sont les premiers mots du t\u00e9l\u00e9gramme arriv\u00e9 ce matin, sign\u00e9 du Pape Beno\u00eet XVI. \u00ab En ce moment de douloureux d\u00e9tachement \u00bb, le Saint P\u00e8re assure \u00ab avec affection \u00bb sa proximit\u00e9 spirituelle aux membres de la famille et \u00e0 toute l\u2019\u0153uvre de Marie ou Mouvement des Focolari dont elle est \u00e0 l\u2019origine, ainsi qu\u2019\u00e0 tous ceux qui ont appr\u00e9ci\u00e9 son engagement constant pour la communion au sein de l\u2019\u00c9glise, pour le dialogue \u0153cum\u00e9nique et la fraternit\u00e9 entre tous les peuples \u00bb. Le Pape rend gr\u00e2ce au Seigneur \u00ab pour le t\u00e9moignage de son existence consacr\u00e9e \u00e0 l\u2019\u00e9coute des besoins de l\u2019homme d\u2019aujourd\u2019hui, en totale fid\u00e9lit\u00e9 \u00e0 l\u2019\u00c9glise et au Pape \u00bb. Beno\u00eet XVI exprime le souhait que \u00ab tous ceux qui l\u2019ont connue et rencontr\u00e9e, admirant les merveilles accomplies par Dieu \u00e0 travers son ardeur missionnaire, poursuivent son \u0153uvre en gardant intacte la vigueur du charisme \u00bb. Le Pape a conclu en invoquant \u00ab l\u2019intercession maternelle de Marie \u00bb et donnant \u00ab \u00e0 tous \u00bb sa b\u00e9n\u00e9diction apostolique.  <strong>L\u2019Adieu \u00e0 Chiara Lubich aura lieu le mardi 18 mars \u00e0 15 heures<\/strong> dans la Basilique romaine de Saint Paul hors-les-murs. La c\u00e9r\u00e9monie sera pr\u00e9sid\u00e9e par le secr\u00e9taire d\u2019\u00c9tat, le Cardinal Tarcisio Bertone, et sera retransmise en direct par satellite et sur internet.  <strong>Toute la matin\u00e9e un flot continu de visites a eu lieu aupr\u00e8s d\u2019elle dans sa maison.<\/strong> La chambre mortuaire sera ouverte cet apr\u00e8s-midi, \u00e0 partir de 16 heures jusqu\u2019\u00e0 demain soir au Centre international du Mouvement des Focolari \u00e0 Rocca di Papa (Via Frascati, 306).  <strong>Elle sera inhum\u00e9e dans la Chapelle du Centre International du Mouvement \u00e0 Rocca di Papa.<\/strong>  <strong>A Trente, le maire M. Albert Pacher a d\u00e9clar\u00e9 le deuil dans la ville. <\/strong><\/p>\n","protected":false},"excerpt":{"rendered":"<p>Ser\u00e1 presidido por el Cardenal Secretario de Estado Tarcisio Bertone. El mensaje del Papa Benedicto XVI<\/p>\n","protected":false},"author":34,"featured_media":0,"comment_status":"open","ping_status":"open","sticky":false,"template":"","format":"standard","meta":{"give_campaign_id":0,"_seopress_robots_primary_cat":"","_seopress_titles_title":"","_seopress_titles_desc":"","_seopress_robots_index":"","_et_pb_use_builder":"","_et_pb_old_content":"","_et_gb_content_width":"","footnotes":""},"categories":[47],"tags":[],"class_list":["post-297272","post","type-post","status-publish","format-standard","hentry","category-non-classifiee"],"_links":{"self":[{"href":"https:\/\/www.focolare.org\/fr\/wp-json\/wp\/v2\/posts\/297272","targetHints":{"allow":["GET"]}}],"collection":[{"href":"https:\/\/www.focolare.org\/fr\/wp-json\/wp\/v2\/posts"}],"about":[{"href":"https:\/\/www.focolare.org\/fr\/wp-json\/wp\/v2\/types\/post"}],"author":[{"embeddable":true,"href":"https:\/\/www.focolare.org\/fr\/wp-json\/wp\/v2\/users\/34"}],"replies":[{"embeddable":true,"href":"https:\/\/www.focolare.org\/fr\/wp-json\/wp\/v2\/comments?post=297272"}],"version-history":[{"count":0,"href":"https:\/\/www.focolare.org\/fr\/wp-json\/wp\/v2\/posts\/297272\/revisions"}],"wp:attachment":[{"href":"https:\/\/www.focolare.org\/fr\/wp-json\/wp\/v2\/media?parent=297272"}],"wp:term":[{"taxonomy":"category","embeddable":true,"href":"https:\/\/www.focolare.org\/fr\/wp-json\/wp\/v2\/categories?post=297272"},{"taxonomy":"post_tag","embeddable":true,"href":"https:\/\/www.focolare.org\/fr\/wp-json\/wp\/v2\/tags?post=297272"}],"curies":[{"name":"wp","href":"https:\/\/api.w.org\/{rel}","templated":true}]}}