{"id":297314,"date":"2008-11-23T23:00:00","date_gmt":"2008-11-23T22:00:00","guid":{"rendered":"https:\/\/www.focolare.org\/institut-universitaire-sophia-conjuguer-doctrine-et-vie-dans-le-signe-de-lunite\/"},"modified":"2024-05-13T20:59:06","modified_gmt":"2024-05-13T18:59:06","slug":"institut-universitaire-sophia-conjuguer-doctrine-et-vie-dans-le-signe-de-lunite","status":"publish","type":"post","link":"https:\/\/www.focolare.org\/fr\/institut-universitaire-sophia-conjuguer-doctrine-et-vie-dans-le-signe-de-lunite\/","title":{"rendered":"Institut universitaire Sophia : conjuguer doctrine et vie dans le signe de l\u2019unit\u00e9"},"content":{"rendered":"<p><strong>Chiara Santomiero :<\/strong> On peut dire que l\u2019Institut de formation  universitaire \u00ab Sophia \u00bb, est n\u00e9 d\u2019un paradoxe : du moment o\u00f9 Chiara Lubich \u00ab a  mis ses livres au grenier \u00bb\u2026  <strong>Maria Voce :<\/strong> Chiara d\u00e9sirait ardemment conna\u00eetre la v\u00e9rit\u00e9  et elle esp\u00e9rait la conna\u00eetre gr\u00e2ce \u00e0 l\u2019\u00e9tude de la philosophie. A un certain  moment, elle a per\u00e7u au- dedans d\u2019elle que J\u00e9sus lui demandait de ne pas  rechercher la v\u00e9rit\u00e9 dans les livres mais de le suivre, Lui qui \u00e9tait la V\u00e9rit\u00e9  incarn\u00e9e. C\u2019est pour cela qu\u2019elle a choisi de mettre ses livres au grenier, de  renoncer au r\u00eave qu\u2019elle avait d\u2019\u00e9tudier pour le suivre. Elle a senti \u00e9galement  que J\u00e9sus lui disait : \u00ab C\u2019est moi qui serait ton professeur \u00bb, il lui  promettait de lui r\u00e9v\u00e9ler Sa v\u00e9rit\u00e9, Son savoir. C\u2019est ce qui s\u2019est r\u00e9alis\u00e9 avec  le don d\u2019un charisme, le charisme de l\u2019unit\u00e9. C\u2019est de la conviction profonde  que le charisme porte en lui la capacit\u00e9 d\u2019engendrer une doctrine capable  d\u2019\u00e9clairer les diff\u00e9rents domaines du savoir, que na\u00eet aujourd\u2019hui un institut  universitaire.  <strong>Chiara Santomiero :<\/strong> \u00ab Sophia \u00bb &#8211; a-t-on dit \u2013 a comme  ambition d\u2019\u00eatre un laboratoire de formation et de recherche o\u00f9 sont renou\u00e9s les  liens profonds entre vie et pens\u00e9e, \u00e9tude et v\u00e9cu. Qu\u2019est-ce que cela signifie  concr\u00e8tement ?  <strong>Maria Voce :<\/strong> la tentative de vivre l\u2019unit\u00e9 entre ces  diff\u00e9rents aspects signifie que ceux qui s\u2019inscrivent dans cet institut  universitaire arrivent d\u00e9j\u00e0 avec des crit\u00e8res de pr\u00e9paration : ils sont dispos\u00e9s  \u00e0 aimer les autres, \u00e0 \u00eatre ouverts \u00e0 toutes les personnes, en faisant  abstraction de leur culture, leur religion, leur pays d\u2019origine ou leur milieu.  Les \u00e9tudiants de l&rsquo;institut Sophia acceptent de faire et font une exp\u00e9rience de  vie dans laquelle ils d\u00e9couvrent qu&rsquo;ils peuvent \u00eatre ouverts les uns aux autres,  non seulement en tant que personnes, mais que leurs cultures peuvent \u00eatre aussi  ouvertes les unes aux autres. Ils d\u00e9couvrent en oute que chaque discipline est  li\u00e9e profond\u00e9ment aux autres disciplines et que le fondement de tout le savoir  est la Sagesse, c&rsquo;est-\u00e0 dire la mani\u00e8re dont dieu voir les hommes et les  r\u00e9alit\u00e9s humaines.  <strong>Chiara Santomiero :<\/strong> Quelles sont vos attentes et celle du  mouvement des Focolari, par rapport au parcours entrepris avec l\u2019Institut Sophia  ?  <strong>Maria Voce :<\/strong> Nous nous souhaitons de former des hommes et  des femmes qui sachent allier la doctrine et la vie et soient donc en mesure  d\u2019apporter une contribution d\u2019unit\u00e9 \u2013 d\u2019\u00eatre des hommes et des femmes  constructeurs d\u2019unit\u00e9 -, l\u00e0 o\u00f9 la soci\u00e9t\u00e9 les conduira dans leurs domaines  professionnels et leurs activit\u00e9s sociales. Nous attendons vraiment que ces  personnes soient comme des catalyseurs dans le groupe social o\u00f9 elles se  trouvent, qu\u2019elles puissent peu \u00e0 peu constituer un point de r\u00e9f\u00e9rence, un point  autour duquel se construisent des cellules d\u2019unit\u00e9 qui s\u2019\u00e9largissent toujours  plus dans la soci\u00e9t\u00e9, jusqu\u2019\u00e0 ce que \u00ab tous soient un \u00bb, jusqu\u2019\u00e0 ce que l\u2019unit\u00e9  de la famille humaine soit recompos\u00e9e. C\u2019est la pri\u00e8re de J\u00e9sus au P\u00e8re, c\u2019est  le r\u00eave de Chiara Lubich, notre r\u00eave et donc aussi le mien.<\/p>\n","protected":false},"excerpt":{"rendered":"<p>Maria Voce, Pr\u00e9sidente du mouvement des Focolari, vice Grand chancelier de l\u2019Institut universitaire est interview\u00e9e par Chiara Santomiero pour l\u2019agence Z\u00e9nith<\/p>\n","protected":false},"author":34,"featured_media":0,"comment_status":"open","ping_status":"open","sticky":false,"template":"","format":"standard","meta":{"give_campaign_id":0,"_seopress_robots_primary_cat":"","_seopress_titles_title":"","_seopress_titles_desc":"","_seopress_robots_index":"","_et_pb_use_builder":"","_et_pb_old_content":"","_et_gb_content_width":"","footnotes":""},"categories":[47],"tags":[],"class_list":["post-297314","post","type-post","status-publish","format-standard","hentry","category-non-classifiee"],"_links":{"self":[{"href":"https:\/\/www.focolare.org\/fr\/wp-json\/wp\/v2\/posts\/297314","targetHints":{"allow":["GET"]}}],"collection":[{"href":"https:\/\/www.focolare.org\/fr\/wp-json\/wp\/v2\/posts"}],"about":[{"href":"https:\/\/www.focolare.org\/fr\/wp-json\/wp\/v2\/types\/post"}],"author":[{"embeddable":true,"href":"https:\/\/www.focolare.org\/fr\/wp-json\/wp\/v2\/users\/34"}],"replies":[{"embeddable":true,"href":"https:\/\/www.focolare.org\/fr\/wp-json\/wp\/v2\/comments?post=297314"}],"version-history":[{"count":0,"href":"https:\/\/www.focolare.org\/fr\/wp-json\/wp\/v2\/posts\/297314\/revisions"}],"wp:attachment":[{"href":"https:\/\/www.focolare.org\/fr\/wp-json\/wp\/v2\/media?parent=297314"}],"wp:term":[{"taxonomy":"category","embeddable":true,"href":"https:\/\/www.focolare.org\/fr\/wp-json\/wp\/v2\/categories?post=297314"},{"taxonomy":"post_tag","embeddable":true,"href":"https:\/\/www.focolare.org\/fr\/wp-json\/wp\/v2\/tags?post=297314"}],"curies":[{"name":"wp","href":"https:\/\/api.w.org\/{rel}","templated":true}]}}