{"id":297364,"date":"2009-10-13T22:00:00","date_gmt":"2009-10-13T20:00:00","guid":{"rendered":"https:\/\/www.focolare.org\/je-metais-vendu-au-monde-jusqua-toucher-le-fond-un-jour-jai-decide-de-faire-marche-arriere-et-de-tout-recommencer-a-zero\/"},"modified":"2024-05-13T20:59:12","modified_gmt":"2024-05-13T18:59:12","slug":"je-metais-vendu-au-monde-jusqua-toucher-le-fond-un-jour-jai-decide-de-faire-marche-arriere-et-de-tout-recommencer-a-zero","status":"publish","type":"post","link":"https:\/\/www.focolare.org\/fr\/je-metais-vendu-au-monde-jusqua-toucher-le-fond-un-jour-jai-decide-de-faire-marche-arriere-et-de-tout-recommencer-a-zero\/","title":{"rendered":"Je m\u2019\u00e9tais vendu au monde, jusqu\u2019\u00e0 toucher le fond. Un jour, j\u2019ai d\u00e9cid\u00e9 de faire marche arri\u00e8re et de tout recommencer \u00e0 z\u00e9ro"},"content":{"rendered":"<p><strong>Je suis n\u00e9 et j\u2019ai grandi dans une famille qui s\u2019est toujours engag\u00e9e  \u00e0 transmettre les valeurs<\/strong> chr\u00e9tiennes bas\u00e9es sur le respect et sur  l\u2019amour du prochain, sans discrimination aucune.  <strong>D\u00e8s mon plus jeune \u00e2ge, je me suis propos\u00e9 de vivre respectant ces  valeurs :<\/strong> avec mon \u00e9quipe de football, en classe, avec mes amis, je me  suis toujours efforc\u00e9 d\u2019aller \u00e0 contre-courant et de ne pas me laisser entra\u00eener  par tout ce que la soci\u00e9t\u00e9 de consommation propose. En effet, en Europe,  pr\u00e9domine le mat\u00e9rialisme, et l\u2019avoir et les apparences comptent plus que  l\u2019\u00eatre.  <strong>A une certaine p\u00e9riode de ma vie, les plaisirs et les joies  passag\u00e8res m\u2019ont fait d\u00e9river.<\/strong> En pratique, je me suis vendu au monde.  Je voulais conna\u00eetre tout ce que, jusqu\u2019alors, j\u2019avais consid\u00e9r\u00e9 comme la voie  la plus facile, et en m\u00eame temps, la plus vaine. C\u2019est ainsi qu\u2019a commenc\u00e9 pour  moi, une nouvelle phase de ma vie, o\u00f9 le respect envers les personnes et envers  Dieu n\u2019avaient plus de valeur.  <strong>J\u2019ai commenc\u00e9 \u00e0 faire des exp\u00e9riences qui m\u2019apportaient des  satisfactions passag\u00e8res.<\/strong> Tout de suite apr\u00e8s, j\u2019\u00e9prouvais un grand  vide dans mon \u00e2me, une immense solitude qui me faisait me sentir tr\u00e8s mal.  <strong>Apr\u00e8s avoir plong\u00e9 maintes fois,<\/strong> j\u2019ai d\u00e9cid\u00e9 de recommencer  et de revenir \u00e0 mes origines. J\u2019ai voulu retrouver les valeurs qui avaient  toujours \u00e9t\u00e9 pr\u00e9sentes en moi, m\u00eame si elles \u00e9taient ensevelies sous mille  choses vaines.  <strong>A pr\u00e9sent, dans cette cit\u00e9 pilote o\u00f9 je vie avec des jeunes du monde  entier,<\/strong> je fais une exp\u00e9rience tr\u00e8s belle. Je d\u00e9couvre de nombreuses  choses que je ne connaissais pas, gr\u00e2ce aux personnes que j\u2019ai autour de moi. Je  d\u00e9couvre dans le fr\u00e8re une voie pour grandir, un miroir dans lequel me refl\u00e9ter.  Je recherche et je trouve l\u2019amour pur, donn\u00e9 gratuitement. Un amour qui na\u00eet du  c\u0153ur, sans pr\u00e9jug\u00e9s.  <strong>Cet amour, qui a ses racines dans l\u2019Evangile v\u00e9cu,<\/strong> me porte  \u00e0 me d\u00e9tacher des choses passag\u00e8res et c\u2019est une voie vers la vraie libert\u00e9, une  route qui me porte \u00e0 Dieu, ensemble avec mes fr\u00e8res.  <em>(J. \u2013 Italie) T\u00e9moignage donn\u00e9 \u00e0 la F\u00eate des jeunes, O\u2019Higgins,  Argentina, le 27 septembre 2009<\/em><\/p>\n","protected":false},"excerpt":{"rendered":"<p>Un jeune Italien de 20 ans trouve la force de \u00ab pers\u00e9v\u00e9rer \u00bb. Il raconte son histoire en Argentine, lors d\u2019une manifestation qui r\u00e9unit une centaine de jeunes.<\/p>\n","protected":false},"author":34,"featured_media":0,"comment_status":"open","ping_status":"open","sticky":false,"template":"","format":"standard","meta":{"give_campaign_id":0,"_seopress_robots_primary_cat":"","_seopress_titles_title":"","_seopress_titles_desc":"","_seopress_robots_index":"","_et_pb_use_builder":"","_et_pb_old_content":"","_et_gb_content_width":"","footnotes":""},"categories":[906],"tags":[],"class_list":["post-297364","post","type-post","status-publish","format-standard","hentry","category-focolare-worldwide-2-3"],"_links":{"self":[{"href":"https:\/\/www.focolare.org\/fr\/wp-json\/wp\/v2\/posts\/297364","targetHints":{"allow":["GET"]}}],"collection":[{"href":"https:\/\/www.focolare.org\/fr\/wp-json\/wp\/v2\/posts"}],"about":[{"href":"https:\/\/www.focolare.org\/fr\/wp-json\/wp\/v2\/types\/post"}],"author":[{"embeddable":true,"href":"https:\/\/www.focolare.org\/fr\/wp-json\/wp\/v2\/users\/34"}],"replies":[{"embeddable":true,"href":"https:\/\/www.focolare.org\/fr\/wp-json\/wp\/v2\/comments?post=297364"}],"version-history":[{"count":0,"href":"https:\/\/www.focolare.org\/fr\/wp-json\/wp\/v2\/posts\/297364\/revisions"}],"wp:attachment":[{"href":"https:\/\/www.focolare.org\/fr\/wp-json\/wp\/v2\/media?parent=297364"}],"wp:term":[{"taxonomy":"category","embeddable":true,"href":"https:\/\/www.focolare.org\/fr\/wp-json\/wp\/v2\/categories?post=297364"},{"taxonomy":"post_tag","embeddable":true,"href":"https:\/\/www.focolare.org\/fr\/wp-json\/wp\/v2\/tags?post=297364"}],"curies":[{"name":"wp","href":"https:\/\/api.w.org\/{rel}","templated":true}]}}