{"id":297448,"date":"2010-04-29T22:00:00","date_gmt":"2010-04-29T20:00:00","guid":{"rendered":"https:\/\/www.focolare.org\/itin-ungheria-si-apre-la-smu-2010enthe-opening-of-uww-2010-took-place-in-hungaryesse-abrio-en-hungria-la-smu-2010\/"},"modified":"2024-05-13T20:59:33","modified_gmt":"2024-05-13T18:59:33","slug":"itin-ungheria-si-apre-la-smu-2010enthe-opening-of-uww-2010-took-place-in-hungaryesse-abrio-en-hungria-la-smu-2010","status":"publish","type":"post","link":"https:\/\/www.focolare.org\/fr\/itin-ungheria-si-apre-la-smu-2010enthe-opening-of-uww-2010-took-place-in-hungaryesse-abrio-en-hungria-la-smu-2010\/","title":{"rendered":"[:it]In Ungheria si apre la SMU 2010[:en]The opening of UWW 2010 took place in Hungary[:es]Se abri\u00f3 en Hungr\u00eda la SMU 2010"},"content":{"rendered":"<\/p>\n","protected":false},"excerpt":{"rendered":"<p>Una conexi\u00f3n Internet mundial en vivo para la inauguraci\u00f3n del acontecimiento tanto esperado de los J\u00f3venes por un Mundo Unido.  La conclusi\u00f3n ser\u00e1 desde India el d\u00eda 9 de Mayo.  http:\/\/live.focolare.org<\/p>\n","protected":false},"author":34,"featured_media":0,"comment_status":"open","ping_status":"open","sticky":false,"template":"","format":"standard","meta":{"give_campaign_id":0,"_seopress_robots_primary_cat":"","_seopress_titles_title":"","_seopress_titles_desc":"","_seopress_robots_index":"","_et_pb_use_builder":"","_et_pb_old_content":"","_et_gb_content_width":"","footnotes":""},"categories":[47],"tags":[],"class_list":["post-297448","post","type-post","status-publish","format-standard","hentry","category-non-classifiee"],"_links":{"self":[{"href":"https:\/\/www.focolare.org\/fr\/wp-json\/wp\/v2\/posts\/297448","targetHints":{"allow":["GET"]}}],"collection":[{"href":"https:\/\/www.focolare.org\/fr\/wp-json\/wp\/v2\/posts"}],"about":[{"href":"https:\/\/www.focolare.org\/fr\/wp-json\/wp\/v2\/types\/post"}],"author":[{"embeddable":true,"href":"https:\/\/www.focolare.org\/fr\/wp-json\/wp\/v2\/users\/34"}],"replies":[{"embeddable":true,"href":"https:\/\/www.focolare.org\/fr\/wp-json\/wp\/v2\/comments?post=297448"}],"version-history":[{"count":0,"href":"https:\/\/www.focolare.org\/fr\/wp-json\/wp\/v2\/posts\/297448\/revisions"}],"wp:attachment":[{"href":"https:\/\/www.focolare.org\/fr\/wp-json\/wp\/v2\/media?parent=297448"}],"wp:term":[{"taxonomy":"category","embeddable":true,"href":"https:\/\/www.focolare.org\/fr\/wp-json\/wp\/v2\/categories?post=297448"},{"taxonomy":"post_tag","embeddable":true,"href":"https:\/\/www.focolare.org\/fr\/wp-json\/wp\/v2\/tags?post=297448"}],"curies":[{"name":"wp","href":"https:\/\/api.w.org\/{rel}","templated":true}]}}