{"id":297466,"date":"2010-05-16T22:00:00","date_gmt":"2010-05-16T20:00:00","guid":{"rendered":"https:\/\/www.focolare.org\/une-lueur-desperance-au-coeur-de-leurope\/"},"modified":"2024-05-13T20:59:35","modified_gmt":"2024-05-13T18:59:35","slug":"une-lueur-desperance-au-coeur-de-leurope","status":"publish","type":"post","link":"https:\/\/www.focolare.org\/fr\/une-lueur-desperance-au-coeur-de-leurope\/","title":{"rendered":"Une lueur d\u2019esp\u00e9rance au c\u0153ur de l\u2019Europe"},"content":{"rendered":"<p><strong><img loading=\"lazy\" decoding=\"async\" src=\"https:\/\/www.focolare.org\/wp-content\/uploads\/layout\/edit\/foto\/foto2010\/100517-004.JPG\" alt=\"\" hspace=\"5\" vspace=\"5\" width=\"200\" height=\"200\" align=\"right\" \/>Du 12 au 16 mai, \u00e0 Munich, a eu lieu la seconde \u00e9dition du \u201cKirchentag\u201d. Plus de 3000 manifestations, qui se sont d\u00e9roul\u00e9es dans 500 endroits diff\u00e9rents \u00e0 travers la ville, ont caract\u00e9ris\u00e9 cette rencontre \u0153cum\u00e9nique.<\/strong> Celle-ci, qui avait pour sologan \u201cAfin que vous soyez porteurs d\u2019esp\u00e9rance\u201d, a vu affluer 133000 visiteurs permanents, auxquels il faut ajouter environ 11000 participants journaliers. Parmi les th\u00e8mes abord\u00e9s lors des forums et des tables rondes, citons la crise \u00e9conomique et financi\u00e8re, la paix, la guerre en Afghanistan, la situation des \u00c9glises et de l&rsquo;\u0153cum\u00e9nisme, ainsi que le dialogue interreligieux avec les juifs et les musulmans. Cette manifestation a \u00e9t\u00e9 promue et organis\u00e9e par un groupe de travail comptant 17 \u00c9glises chr\u00e9tiennes, r\u00e9unies au sein de l\u2019ACK (communaut\u00e9 des \u00c9glises chr\u00e9tiennes) en Allemagne. La nouveaut\u00e9 de cette \u00e9dition r\u00e9sidait dans la collaboration notable des \u00c9glises orthodoxes d\u2019Allemagne et s\u2019est exprim\u00e9e notamment par la c\u00e9l\u00e9bration des v\u00eapres et la liturgie du pain b\u00e9ni, en pr\u00e9sence de 20000 participants, sur l\u2019esplanade de la Theresienwiese de Munich, le vendredi 14 mai.  <strong><img loading=\"lazy\" decoding=\"async\" src=\"https:\/\/www.focolare.org\/wp-content\/uploads\/layout\/edit\/foto\/foto2010\/100517-05.JPG\" alt=\"\" hspace=\"5\" vspace=\"5\" width=\"202\" height=\"198\" align=\"left\" \/>Le mouvement des Focolari a \u00e9t\u00e9 pr\u00e9sent lors de diverses manifestations et sur des stands d\u2019informations.<\/strong> La pr\u00e9sidente, Maria Voce, est intervenue dans le cadre du forum des mouvements et des communaut\u00e9s chr\u00e9tiennes, \u201cEnsemble pour l\u2019Europe\u201d, qui avait choisi le slogan \u201cSignes d\u2019esp\u00e9rance\u201d, qui s\u2019est d\u00e9roul\u00e9 \u00e0 la patinoire olympique. Maria Voce a fait part de l\u2019exp\u00e9rience de communion v\u00e9cue depuis maintenant dix ans, \u00e0 l\u2019\u00e9chelle europ\u00e9enne, par les membres des diff\u00e9rents mouvements et charismes. Sont \u00e9galement intervenus Andrea Riccardi, fondateur de la communaut\u00e9 Sant&rsquo;Egidio, Ulrich Parzany, de ProChrist, et l\u2019\u00e9v\u00eaque luth\u00e9rien Johannes Friedrich,.  <strong>Les Focolari ont pris part \u00e0 cette manifestation en animant des programmes <\/strong>pour les jeunes, entre autres \u201cSports4Peace\u00a0\u00bb, anim\u00e9 par les Jeunes pour un monde uni, avec la participation du GenRosso; ils ont donn\u00e9 des t\u00e9moignages sur la vie de la famille et ont pr\u00e9sent\u00e9 l\u2019exp\u00e9rience v\u00e9cue au centre \u0153cum\u00e9nique d\u2019Ottmaring.  <strong><img loading=\"lazy\" decoding=\"async\" src=\"https:\/\/www.focolare.org\/wp-content\/uploads\/layout\/edit\/foto\/foto2010\/100517-02.JPG\" alt=\"\" hspace=\"5\" vspace=\"5\" width=\"200\" height=\"200\" align=\"right\" \/>\u201cLe Kirchentag a eu lieu \u00e0 un moment marqu\u00e9 par de nombreuses crises:<\/strong> la crise \u00e9conomique et financi\u00e8re, la crise de l\u2019euro, autrement dit, de l\u2019int\u00e9gration europ\u00e9enne, la crise de l\u2019\u00c9glise catholique, en raison de l\u2019implication de pr\u00eatres et d\u2019\u00e9v\u00eaques dans des abus sexuels sur des mineurs, commente Joachim Schwind, r\u00e9dacteur en chef de Neue Stadt, la revue mensuelle du mouvement des Focolari en langue allemande. Pour toutes ces raisons, le slogan choisi pour la manifestation de cette ann\u00e9e, \u201cAfin que vous soyez porteurs d\u2019esp\u00e9rance\u201d, a pris une importance nouvelle et, surtout, d\u2019une grande actualit\u00e9. L\u2019\u00c9glise catholique s\u2019est montr\u00e9e, notamment \u00e0 travers ses repr\u00e9sentants, sous un jour tr\u00e8s sobre, et cette humilit\u00e9 \u2013 c\u2019est ce qu\u2019ont relev\u00e9 de nombreux commentateurs \u2013 rend service \u00e0 l\u2019\u0153cum\u00e9nisme, \u00e0 une rencontre de m\u00eame niveau que la pr\u00e9c\u00e9dente.\u201d  <img loading=\"lazy\" decoding=\"async\" src=\"https:\/\/www.focolare.org\/wp-content\/uploads\/layout\/edit\/foto\/foto2010\/100517-07.JPG\" alt=\"\" hspace=\"5\" vspace=\"5\" width=\"240\" height=\"200\" align=\"left\" \/>Cette ann\u00e9e, la pr\u00e9sence des orthodoxes \u00e0 la manifestation a \u00e9t\u00e9 particuli\u00e8rement appr\u00e9ci\u00e9e. \u201cL\u2019\u0153cum\u00e9nisme est devenu quelque chose de \u2018normal\u2019, au sens le plus positif du terme, poursuit Schwind. Il n\u2019y a plus le charme de la d\u00e9couverte de l\u2019autre en tant qu\u2019\u2018\u00e9tranger\u2019. Dans de nombreux domaines, la coop\u00e9ration et la collaboration sont une r\u00e9alit\u00e9, et dans d\u2019autres, elles sont en train de le devenir. Je pense qu\u2019\u00e0 pr\u00e9sent, c\u2019est aux mouvements d\u2019offrir une base spirituelle solide \u00e0 cette \u2018normalit\u00e9\u2019 de l\u2019ensemble.\u201d  <strong>\u201cLe Kirchentag nous a apport\u00e9 l\u2019esp\u00e9rance sur trois plans, conclut Schwind: <\/strong>l\u2019esp\u00e9rance au sein des \u00c9glises, car il a encourag\u00e9 les chr\u00e9tiens en leur montrant qui ils sont pour le monde d\u2019aujourd\u2019hui; sur le plan \u0153cum\u00e9nique, en faisant appara\u00eetre combien de choses nous unissent d\u00e9j\u00e0, et qu\u2019une communion intense et profonde non seulement est possible, mais existe d\u00e9j\u00e0; esp\u00e9rance vis-\u00e0-vis de la soci\u00e9t\u00e9, en montrant que les chr\u00e9tiens sont pr\u00eats \u00e0 s\u2019engager pour ce pays, et plus particuli\u00e8rement \u00e0 un moment o\u00f9 tout le monde cherche des points de rep\u00e8re.\u201d<\/p>\n","protected":false},"excerpt":{"rendered":"<p>La seconde \u00e9dition du Kirchentag s\u2019est conclue hier \u00e0 Munich. Le mouvement des Focolari \u00e9tait pr\u00e9sent en la personne de sa pr\u00e9sidente, Maria Voce.<\/p>\n","protected":false},"author":34,"featured_media":0,"comment_status":"open","ping_status":"open","sticky":false,"template":"","format":"standard","meta":{"give_campaign_id":0,"_seopress_robots_primary_cat":"","_seopress_titles_title":"","_seopress_titles_desc":"","_seopress_robots_index":"","_et_pb_use_builder":"","_et_pb_old_content":"","_et_gb_content_width":"","footnotes":""},"categories":[906],"tags":[],"class_list":["post-297466","post","type-post","status-publish","format-standard","hentry","category-focolare-worldwide-2-3"],"_links":{"self":[{"href":"https:\/\/www.focolare.org\/fr\/wp-json\/wp\/v2\/posts\/297466","targetHints":{"allow":["GET"]}}],"collection":[{"href":"https:\/\/www.focolare.org\/fr\/wp-json\/wp\/v2\/posts"}],"about":[{"href":"https:\/\/www.focolare.org\/fr\/wp-json\/wp\/v2\/types\/post"}],"author":[{"embeddable":true,"href":"https:\/\/www.focolare.org\/fr\/wp-json\/wp\/v2\/users\/34"}],"replies":[{"embeddable":true,"href":"https:\/\/www.focolare.org\/fr\/wp-json\/wp\/v2\/comments?post=297466"}],"version-history":[{"count":0,"href":"https:\/\/www.focolare.org\/fr\/wp-json\/wp\/v2\/posts\/297466\/revisions"}],"wp:attachment":[{"href":"https:\/\/www.focolare.org\/fr\/wp-json\/wp\/v2\/media?parent=297466"}],"wp:term":[{"taxonomy":"category","embeddable":true,"href":"https:\/\/www.focolare.org\/fr\/wp-json\/wp\/v2\/categories?post=297466"},{"taxonomy":"post_tag","embeddable":true,"href":"https:\/\/www.focolare.org\/fr\/wp-json\/wp\/v2\/tags?post=297466"}],"curies":[{"name":"wp","href":"https:\/\/api.w.org\/{rel}","templated":true}]}}