{"id":297716,"date":"2011-02-14T07:55:37","date_gmt":"2011-02-14T06:55:37","guid":{"rendered":"https:\/\/www.focolare.org\/du-11-au-20-fevrier-maria-voce-et-giancarlo-faletti-se-rendront-en-terre-sainte\/"},"modified":"2024-05-13T21:00:38","modified_gmt":"2024-05-13T19:00:38","slug":"du-11-au-20-fevrier-maria-voce-et-giancarlo-faletti-se-rendront-en-terre-sainte","status":"publish","type":"post","link":"https:\/\/www.focolare.org\/fr\/du-11-au-20-fevrier-maria-voce-et-giancarlo-faletti-se-rendront-en-terre-sainte\/","title":{"rendered":"Du 11 au 20 f\u00e9vrier, Maria Voce et Giancarlo Faletti se rendront en Terre Sainte"},"content":{"rendered":"<\/p>\n<p><strong>Sont pr\u00e9vus lors de ce voyage\u00a0:<\/strong><\/p>\n<ul>\n<li>Rencontre avec les      focolarines et les focolarini de Terre Sainte<\/li>\n<li>Visite au <strong>patriarche      latin de J\u00e9rusalem<\/strong>, <strong>Sa B\u00e9atitude<\/strong> <strong>Mgr Foud Twal<\/strong><\/li>\n<li>Rencontre avec l\u2019\u00e9v\u00eaque      luth\u00e9rien <strong>Munib Younan<\/strong>, pr\u00e9sident de la <strong>F\u00e9d\u00e9ration mondiale luth\u00e9rienne<\/strong><\/li>\n<li>Rencontre avec le <strong>rabbin      Ron Kronish, <\/strong>directeur de l\u2019ICCI<\/li>\n<li>Visite au <strong>patriarcat      arm\u00e9nien orthodoxe\u00a0:<\/strong> rencontre avec l\u2019\u00e9v\u00eaque Son \u00c9minence <strong>Aris      Shirvanian<\/strong><\/li>\n<li>Visite au <strong>patriarche      grec ortodoxe<\/strong> <strong>S.B. Theofilos III<\/strong><\/li>\n<li>Messe et visite du Petit      escalier, le lieu o\u00f9 J\u00e9sus a adress\u00e9 \u00e0 son P\u00e8re la pri\u00e8re pour l\u2019unit\u00e9,      charte de la spiritualit\u00e9 des Focolari<\/li>\n<li>Visite \u00e0 l\u2019<strong>archev\u00eaque      maronite<\/strong> de Terre Sainte, <strong>Mgr Paul Nabil<\/strong> Sayah<\/li>\n<li>Rencontre avec le <strong>maire      adjoint de J\u00e9rusalem, <\/strong><strong>Mme Neomi Tzur<\/strong><\/li>\n<li><strong>Conf\u00e9rence \u00e0 l\u2019Universit\u00e9      h\u00e9bra\u00efque de J\u00e9rusalem<\/strong> sur le th\u00e8me\u00a0:      \u00ab\u00a0Le r\u00f4le du dialogue dans la promotion de la paix\u00a0\u00bb<\/li>\n<li>Rencontre      interreligieuse<\/li>\n<li><strong>Visite des mosqu\u00e9es<\/strong> sur l\u2019esplanade du Temple<\/li>\n<li>Visite au <strong>d\u00e9l\u00e9gu\u00e9      apostolique Son \u00c9minence Mgr Antonio Franco<\/strong><\/li>\n<li>Rencontre avec la      communaut\u00e9 des Focolari<\/li>\n<li>Rencontre avec <strong>Mgr      Elias Chakour, archev\u00eaque gr\u00e9co-catholique<\/strong> de Galil\u00e9e. Le conseil      g\u00e9n\u00e9ral de l\u2019\u0152uvre de Marie poursuivra son voyage par trois jours de retraite,      puis par un p\u00e8lerinage. Un rendez-vous des Jeunes pour un monde uni de      Terre Sainte est \u00e9galement pr\u00e9vu fin f\u00e9vrier.<\/li>\n<\/ul>\n<p><span style=\"color: #993300\">Photos de l&rsquo;arriv\u00e9e en Terre Sainte le 11 f\u00e9vrier :<\/span><\/p>\n<p>[nggallery id=15]<\/p><\/p>\n","protected":false},"excerpt":{"rendered":"<p>Voyage sous le signe du dialogue \u0153cum\u00e9nique et interreligieux et visite aux communaut\u00e9s des Focolari. Des \u00e9tapes pleines d\u2019esp\u00e9rance, que nous suivrons par l\u2019interm\u00e9diaire de focolare.org, en voyage avec les journalistes Roberto Catalano et Michele Zanzucchi.<\/p>\n","protected":false},"author":34,"featured_media":0,"comment_status":"open","ping_status":"open","sticky":false,"template":"","format":"standard","meta":{"give_campaign_id":0,"_seopress_robots_primary_cat":"","_seopress_titles_title":"","_seopress_titles_desc":"","_seopress_robots_index":"","_et_pb_use_builder":"","_et_pb_old_content":"","_et_gb_content_width":"","footnotes":""},"categories":[906],"tags":[],"class_list":["post-297716","post","type-post","status-publish","format-standard","hentry","category-focolare-worldwide-2-3"],"_links":{"self":[{"href":"https:\/\/www.focolare.org\/fr\/wp-json\/wp\/v2\/posts\/297716","targetHints":{"allow":["GET"]}}],"collection":[{"href":"https:\/\/www.focolare.org\/fr\/wp-json\/wp\/v2\/posts"}],"about":[{"href":"https:\/\/www.focolare.org\/fr\/wp-json\/wp\/v2\/types\/post"}],"author":[{"embeddable":true,"href":"https:\/\/www.focolare.org\/fr\/wp-json\/wp\/v2\/users\/34"}],"replies":[{"embeddable":true,"href":"https:\/\/www.focolare.org\/fr\/wp-json\/wp\/v2\/comments?post=297716"}],"version-history":[{"count":0,"href":"https:\/\/www.focolare.org\/fr\/wp-json\/wp\/v2\/posts\/297716\/revisions"}],"wp:attachment":[{"href":"https:\/\/www.focolare.org\/fr\/wp-json\/wp\/v2\/media?parent=297716"}],"wp:term":[{"taxonomy":"category","embeddable":true,"href":"https:\/\/www.focolare.org\/fr\/wp-json\/wp\/v2\/categories?post=297716"},{"taxonomy":"post_tag","embeddable":true,"href":"https:\/\/www.focolare.org\/fr\/wp-json\/wp\/v2\/tags?post=297716"}],"curies":[{"name":"wp","href":"https:\/\/api.w.org\/{rel}","templated":true}]}}