{"id":297746,"date":"2011-02-18T20:22:27","date_gmt":"2011-02-18T19:22:27","guid":{"rendered":"https:\/\/www.focolare.org\/itafrica-europa-brasile-i-nuovi-passi-delleconomia-di-comunioneenafrica-europe-brazil-new-developments-of-the-economy-of-communion-projectdeafrika-europa-brasilien\/"},"modified":"2024-05-13T21:00:42","modified_gmt":"2024-05-13T19:00:42","slug":"itafrica-europa-brasile-i-nuovi-passi-delleconomia-di-comunioneenafrica-europe-brazil-new-developments-of-the-economy-of-communion-projectdeafrika-europa-brasilien","status":"publish","type":"post","link":"https:\/\/www.focolare.org\/fr\/itafrica-europa-brasile-i-nuovi-passi-delleconomia-di-comunioneenafrica-europe-brazil-new-developments-of-the-economy-of-communion-projectdeafrika-europa-brasilien\/","title":{"rendered":"[:it]Africa, Europa, Brasile, i nuovi passi dell\u2019Economia di Comunione[:en]Africa, Europe, Brazil: new developments of the Economy of Communion project[:de]Afrika, Europa, Brasilien \u2013 Fortschritte in der Wirtschaft in Gemeinschaft[:es]Africa, Europa y Brasil, los nuevos pasos de la Econom\u00eda de Comuni\u00f3n[:pt]\u00c1frica, Europa, Brasil, os novos passos da Economia de Comunh\u00e3o"},"content":{"rendered":"<\/p>\n","protected":false},"excerpt":{"rendered":"<p>Los v\u00eddeos de la escuela panafricana de EdC, la historia de Sergio Gironella, un empresario italiano que nos ha dejado estos d\u00edas, la escuela celebrada el pasado fin de semana en Francia y la preparaci\u00f3n del 20\u00ba Aniversario de la Econom\u00eda de Comuni\u00f3n en Brasil.<\/p>\n","protected":false},"author":34,"featured_media":0,"comment_status":"open","ping_status":"open","sticky":false,"template":"","format":"standard","meta":{"give_campaign_id":0,"_seopress_robots_primary_cat":"","_seopress_titles_title":"","_seopress_titles_desc":"","_seopress_robots_index":"","_et_pb_use_builder":"","_et_pb_old_content":"","_et_gb_content_width":"","footnotes":""},"categories":[906],"tags":[],"class_list":["post-297746","post","type-post","status-publish","format-standard","hentry","category-focolare-worldwide-2-3"],"_links":{"self":[{"href":"https:\/\/www.focolare.org\/fr\/wp-json\/wp\/v2\/posts\/297746","targetHints":{"allow":["GET"]}}],"collection":[{"href":"https:\/\/www.focolare.org\/fr\/wp-json\/wp\/v2\/posts"}],"about":[{"href":"https:\/\/www.focolare.org\/fr\/wp-json\/wp\/v2\/types\/post"}],"author":[{"embeddable":true,"href":"https:\/\/www.focolare.org\/fr\/wp-json\/wp\/v2\/users\/34"}],"replies":[{"embeddable":true,"href":"https:\/\/www.focolare.org\/fr\/wp-json\/wp\/v2\/comments?post=297746"}],"version-history":[{"count":0,"href":"https:\/\/www.focolare.org\/fr\/wp-json\/wp\/v2\/posts\/297746\/revisions"}],"wp:attachment":[{"href":"https:\/\/www.focolare.org\/fr\/wp-json\/wp\/v2\/media?parent=297746"}],"wp:term":[{"taxonomy":"category","embeddable":true,"href":"https:\/\/www.focolare.org\/fr\/wp-json\/wp\/v2\/categories?post=297746"},{"taxonomy":"post_tag","embeddable":true,"href":"https:\/\/www.focolare.org\/fr\/wp-json\/wp\/v2\/tags?post=297746"}],"curies":[{"name":"wp","href":"https:\/\/api.w.org\/{rel}","templated":true}]}}