{"id":297854,"date":"2011-03-11T14:45:00","date_gmt":"2011-03-11T13:45:00","guid":{"rendered":"https:\/\/www.focolare.org\/ituna-vita-per-lunita-dei-cristianiena-life-for-the-unity-of-christiansdeein-leben-fur-die-einheit-der-christenesuna-vida-por-la-unidad-de-los-cristianosptuma-vida-pela-unidade\/"},"modified":"2024-05-13T21:01:07","modified_gmt":"2024-05-13T19:01:07","slug":"ituna-vita-per-lunita-dei-cristianiena-life-for-the-unity-of-christiansdeein-leben-fur-die-einheit-der-christenesuna-vida-por-la-unidad-de-los-cristianosptuma-vida-pela-unidade","status":"publish","type":"post","link":"https:\/\/www.focolare.org\/fr\/ituna-vita-per-lunita-dei-cristianiena-life-for-the-unity-of-christiansdeein-leben-fur-die-einheit-der-christenesuna-vida-por-la-unidad-de-los-cristianosptuma-vida-pela-unidade\/","title":{"rendered":"[:it]Una vita per l\u2019unit\u00e0 dei cristiani[:en]A life for the unity of Christians[:de]Ein Leben f\u00fcr die Einheit der Christen[:es]Una vida por la unidad de los cristianos[:pt]Uma vida pela unidade dos crist\u00e3os[:zh]\u70ba\u57fa\u7763\u5f92\u4e4b\u9593\u7684\u5408\u4e00\u800c\u5949\u737b\u4e00\u751f"},"content":{"rendered":"<\/p><\/p>\n","protected":false},"excerpt":{"rendered":"<p>Una Jornada ecum\u00e9nica internacional en Trento sobre \u201cChiara Lubich: un carisma, una vida por la unidad de los cristianos\u201d. Amplia participaci\u00f3n de miembros de alrededor de 20 Iglesias, de 36 pa\u00edses del mundo. Se han previsto traducciones simult\u00e1neas en 17 idiomas y una transmisi\u00f3n televisiva en mundovisi\u00f3n, en directo.<\/p>\n","protected":false},"author":34,"featured_media":0,"comment_status":"open","ping_status":"open","sticky":false,"template":"","format":"standard","meta":{"give_campaign_id":0,"_seopress_robots_primary_cat":"","_seopress_titles_title":"","_seopress_titles_desc":"","_seopress_robots_index":"","_et_pb_use_builder":"","_et_pb_old_content":"","_et_gb_content_width":"","footnotes":""},"categories":[906],"tags":[],"class_list":["post-297854","post","type-post","status-publish","format-standard","hentry","category-focolare-worldwide-2-3"],"_links":{"self":[{"href":"https:\/\/www.focolare.org\/fr\/wp-json\/wp\/v2\/posts\/297854","targetHints":{"allow":["GET"]}}],"collection":[{"href":"https:\/\/www.focolare.org\/fr\/wp-json\/wp\/v2\/posts"}],"about":[{"href":"https:\/\/www.focolare.org\/fr\/wp-json\/wp\/v2\/types\/post"}],"author":[{"embeddable":true,"href":"https:\/\/www.focolare.org\/fr\/wp-json\/wp\/v2\/users\/34"}],"replies":[{"embeddable":true,"href":"https:\/\/www.focolare.org\/fr\/wp-json\/wp\/v2\/comments?post=297854"}],"version-history":[{"count":0,"href":"https:\/\/www.focolare.org\/fr\/wp-json\/wp\/v2\/posts\/297854\/revisions"}],"wp:attachment":[{"href":"https:\/\/www.focolare.org\/fr\/wp-json\/wp\/v2\/media?parent=297854"}],"wp:term":[{"taxonomy":"category","embeddable":true,"href":"https:\/\/www.focolare.org\/fr\/wp-json\/wp\/v2\/categories?post=297854"},{"taxonomy":"post_tag","embeddable":true,"href":"https:\/\/www.focolare.org\/fr\/wp-json\/wp\/v2\/tags?post=297854"}],"curies":[{"name":"wp","href":"https:\/\/api.w.org\/{rel}","templated":true}]}}