{"id":297874,"date":"2011-03-16T05:30:25","date_gmt":"2011-03-16T04:30:25","guid":{"rendered":"https:\/\/www.focolare.org\/ita-norimberga-e-madrid-cresce-linteresse-per-l-economia-di-comunioneenincreased-interest-in-the-economy-of-communion-nuremberg-and-madriddevon-madrid-nach-nurnberg-wachsendes-interesse\/"},"modified":"2024-05-13T21:01:21","modified_gmt":"2024-05-13T19:01:21","slug":"ita-norimberga-e-madrid-cresce-linteresse-per-l-economia-di-comunioneenincreased-interest-in-the-economy-of-communion-nuremberg-and-madriddevon-madrid-nach-nurnberg-wachsendes-interesse","status":"publish","type":"post","link":"https:\/\/www.focolare.org\/fr\/ita-norimberga-e-madrid-cresce-linteresse-per-l-economia-di-comunioneenincreased-interest-in-the-economy-of-communion-nuremberg-and-madriddevon-madrid-nach-nurnberg-wachsendes-interesse\/","title":{"rendered":"[:it]A Norimberga e Madrid: cresce l&rsquo;interesse per l&rsquo; Economia di Comunione[:en]Increased Interest in the Economy of Communion: Nuremberg and Madrid[:de]Von Madrid nach N\u00fcrnberg: Wachsendes Interesse an der \u201eWirtschaft in Gemeinschaft\u201c[:es]En N\u00faremberg y en Madrid: crece el inter\u00e9s por la Econom\u00eda de Comuni\u00f3n[:pt]Em Nuremberg e Madri cresce o interesse pela Economia de Comunh\u00e3o[:zh]\u7d10\u502b\u5821\u548c\u99ac\u5fb7\u91cc\uff1a\u5c0d\u5171\u878d\u7d93\u6fdf\u7684\u8208\u8da3\u589e\u52a0"},"content":{"rendered":"<\/p>\n","protected":false},"excerpt":{"rendered":"<p>Las dos ciudades europeas celebraron importantes eventos dedicados a la Econom\u00eda de Comuni\u00f3n. Referimos en s\u00edntesis las principales novedades.<\/p>\n","protected":false},"author":34,"featured_media":0,"comment_status":"open","ping_status":"open","sticky":false,"template":"","format":"standard","meta":{"give_campaign_id":0,"_seopress_robots_primary_cat":"","_seopress_titles_title":"","_seopress_titles_desc":"","_seopress_robots_index":"","_et_pb_use_builder":"","_et_pb_old_content":"","_et_gb_content_width":"","footnotes":""},"categories":[906],"tags":[],"class_list":["post-297874","post","type-post","status-publish","format-standard","hentry","category-focolare-worldwide-2-3"],"_links":{"self":[{"href":"https:\/\/www.focolare.org\/fr\/wp-json\/wp\/v2\/posts\/297874","targetHints":{"allow":["GET"]}}],"collection":[{"href":"https:\/\/www.focolare.org\/fr\/wp-json\/wp\/v2\/posts"}],"about":[{"href":"https:\/\/www.focolare.org\/fr\/wp-json\/wp\/v2\/types\/post"}],"author":[{"embeddable":true,"href":"https:\/\/www.focolare.org\/fr\/wp-json\/wp\/v2\/users\/34"}],"replies":[{"embeddable":true,"href":"https:\/\/www.focolare.org\/fr\/wp-json\/wp\/v2\/comments?post=297874"}],"version-history":[{"count":0,"href":"https:\/\/www.focolare.org\/fr\/wp-json\/wp\/v2\/posts\/297874\/revisions"}],"wp:attachment":[{"href":"https:\/\/www.focolare.org\/fr\/wp-json\/wp\/v2\/media?parent=297874"}],"wp:term":[{"taxonomy":"category","embeddable":true,"href":"https:\/\/www.focolare.org\/fr\/wp-json\/wp\/v2\/categories?post=297874"},{"taxonomy":"post_tag","embeddable":true,"href":"https:\/\/www.focolare.org\/fr\/wp-json\/wp\/v2\/tags?post=297874"}],"curies":[{"name":"wp","href":"https:\/\/api.w.org\/{rel}","templated":true}]}}