{"id":297876,"date":"2011-03-16T08:08:11","date_gmt":"2011-03-16T07:08:11","guid":{"rendered":"https:\/\/www.focolare.org\/50eme-anniversaire-de-la-presence-des-focolari-en-amerique-du-nord\/"},"modified":"2024-05-13T21:01:21","modified_gmt":"2024-05-13T19:01:21","slug":"50eme-anniversaire-de-la-presence-des-focolari-en-amerique-du-nord","status":"publish","type":"post","link":"https:\/\/www.focolare.org\/fr\/50eme-anniversaire-de-la-presence-des-focolari-en-amerique-du-nord\/","title":{"rendered":"50\u00e8me anniversaire de la pr\u00e9sence des Focolari en Am\u00e9rique du Nord"},"content":{"rendered":"<p><p><img alt=\"\" alt=\"\" loading=\"lazy\" decoding=\"async\" class=\"alignright size-200x200 wp-image-28668\" style=\"border: 0pt none;margin: 5px\" src=\"https:\/\/www.focolare.org\/wp-content\/uploads\/2011\/03\/20110316-02-180x200.jpg\" alt=\"\" width=\"180\" height=\"200\" \/><\/p>\n<p>Les semences de la spiritualit\u00e9 de l\u2019unit\u00e9 du Mouvement des Focolari ont \u00e9t\u00e9 jet\u00e9es en Am\u00e9rique du Nord d\u00e8s les ann\u00e9es 50. Mais c\u2019est seulement en 1961 que na\u00eet le Focolare, lorsque trois jeunes courageux d\u00e9barquent dans un quartier d\u2019\u00e9migr\u00e9s \u00e0 New York, avec comme seul objectif de mettre en pratique l\u2019Evangile. Depuis ce moment, ce style de vie s\u2019est diffus\u00e9 gr\u00e2ce \u00e0 l\u2019effort silencieux de centaines d\u2019autres personnes qui les ont rencontr\u00e9s et qui ont fait leur le but du Focolare: contribuer \u00e0 la r\u00e9alisation de la pri\u00e8re de J\u00e9sus \u201cP\u00e8re, que tous soient un\u201d (Jn, 17, 21).<\/p>\n<p><strong><em>\u201cJ\u2019ai \u00e9t\u00e9 profond\u00e9ment touch\u00e9e par ce pays, j\u2019ai eu une belle impression\u201d<\/em><\/strong>\u2013 \u00e9crivait Chiara Lubich en 1964 pendant son premier voyage \u00e0 New York \u2013<em>\u201cCe pays me parait particuli\u00e8rement bien concorder avec l\u2019esprit du Focolare. Il n\u2019y a pas d\u2019attitude de sup\u00e9riorit\u00e9 ethnique, mais plut\u00f4t un sens clair de l\u2019internationalit\u00e9. <\/em><em>Les choses sont simples. <\/em><em>\u00c0 la messe, j\u2019ai pri\u00e9 pour le Mouvement sur ce continent et je pense \u00a0que Dieu \u00e9coute ma pri\u00e8re parce que je prie pour la diffusion de Son r\u00e8gne..<\/em>.\u2019\u2019. Chiara Lubich fera en tout sept visites aux Etats-Unis.<\/p>\n<p>Pour marquer ce 50<sup>\u00e8me<\/sup> anniversaire, la pr\u00e9sidente des Focolari, Maria Voce, et le co-pr\u00e9sident, Giancarlo Faletti, visitent l\u2019Am\u00e9rique du Nord pendant un mois, au cours duquel ils rencontreront les communaut\u00e9s et les amis des Focolari dans diff\u00e9rentes villes des trois nations.<\/p>\n<ul>\n<li><strong>19-20 mars \u00e0 Toronto<\/strong>:      Week-end de dialogue, c\u00e9l\u00e9bration avec les membres des Focolari de tout le      Canada, et messe solennelle c\u00e9l\u00e9br\u00e9e par l\u2019Ev\u00eaque, Mgr William McGrattan, pour      le 3<sup>\u00e8me<\/sup> anniversaire du      d\u00e9part de Chiara Lubich.<\/li>\n<li><strong>21-24 mars \u00e0 Montr\u00e9al :<\/strong> Rencontre avec les \u00e9v\u00eaques       canadiens. Soir\u00e9e du 23 avec la communaut\u00e9 de Montr\u00e9al.<\/li>\n<li><strong><big><\/big>3 Avril &#8211; New York<\/strong>: Messe      solennelle de remerciement c\u00e9l\u00e9br\u00e9e par l\u2019Archev\u00eaque Mgr Timothy Dolan (\u00e0      la Cath\u00e9drale St. Patrick).<\/li>\n<li><strong>5 Avril &#8211; New York<\/strong>: Ev\u00e9nement      culturel \u00e0 la Fordham University.<\/li>\n<li><strong>7 Avril &#8211; Washington, D.C.<\/strong>: <em>E pluribus unum<\/em>, programme ouvert au public, pour une      communaut\u00e9 multiethnique et multi religieuse qui arrivent \u00e0 \u00eatre ensemble      un seul peuple au service de l\u2019unit\u00e9 (Caldwell Hall, The Catholic      University of America).<\/li>\n<li><strong>9 Avril &#8211; Chicago, Chicago Youth Event<\/strong>: Pr\u00e9sentation de la vie de Chiara Luce      Badano<\/li>\n<li><strong>10 Avril &#8211;      \u00a0Chicago<\/strong>: Meeting interreligieux.<\/li>\n<li><strong>11 Avril &#8211; Chicago<\/strong>:      Spiritualit\u00e9 et th\u00e9ologie trinitaire \u2013 pr\u00e9sentation \u00e0 la DePaul University<\/li>\n<li><strong>16 Avril &#8211; Saint Domingue<\/strong>: C\u00e9l\u00e9bration avec les communaut\u00e9s des Focolari de la R\u00e9publique Dominicaine      et de Porto Rico.<\/li>\n<\/ul>\n","protected":false},"excerpt":{"rendered":"<p>Il est marqu\u00e9 par une s\u00e9rie de c\u00e9l\u00e9brations au Canada et aux Etats-Unis, avec la pr\u00e9sence de la pr\u00e9sidente des Focolari, Maria Voce, et le co-pr\u00e9sident Giancarlo Faletti, qui font donc un voyage outre oc\u00e9an du 16 mars au 18 avril, avec des \u00e9tapes au Canada, aux Usa et \u00e0 Saint Domingue.<\/p>\n","protected":false},"author":34,"featured_media":0,"comment_status":"open","ping_status":"open","sticky":false,"template":"","format":"standard","meta":{"give_campaign_id":0,"_seopress_robots_primary_cat":"","_seopress_titles_title":"","_seopress_titles_desc":"","_seopress_robots_index":"","_et_pb_use_builder":"","_et_pb_old_content":"","_et_gb_content_width":"","footnotes":""},"categories":[47],"tags":[],"class_list":["post-297876","post","type-post","status-publish","format-standard","hentry","category-non-classifiee"],"_links":{"self":[{"href":"https:\/\/www.focolare.org\/fr\/wp-json\/wp\/v2\/posts\/297876","targetHints":{"allow":["GET"]}}],"collection":[{"href":"https:\/\/www.focolare.org\/fr\/wp-json\/wp\/v2\/posts"}],"about":[{"href":"https:\/\/www.focolare.org\/fr\/wp-json\/wp\/v2\/types\/post"}],"author":[{"embeddable":true,"href":"https:\/\/www.focolare.org\/fr\/wp-json\/wp\/v2\/users\/34"}],"replies":[{"embeddable":true,"href":"https:\/\/www.focolare.org\/fr\/wp-json\/wp\/v2\/comments?post=297876"}],"version-history":[{"count":0,"href":"https:\/\/www.focolare.org\/fr\/wp-json\/wp\/v2\/posts\/297876\/revisions"}],"wp:attachment":[{"href":"https:\/\/www.focolare.org\/fr\/wp-json\/wp\/v2\/media?parent=297876"}],"wp:term":[{"taxonomy":"category","embeddable":true,"href":"https:\/\/www.focolare.org\/fr\/wp-json\/wp\/v2\/categories?post=297876"},{"taxonomy":"post_tag","embeddable":true,"href":"https:\/\/www.focolare.org\/fr\/wp-json\/wp\/v2\/tags?post=297876"}],"curies":[{"name":"wp","href":"https:\/\/api.w.org\/{rel}","templated":true}]}}