{"id":297886,"date":"2011-03-18T10:02:59","date_gmt":"2011-03-18T09:02:59","guid":{"rendered":"https:\/\/www.focolare.org\/itlamerica-latina-ricorda-chiaradelateinamerika-im-gedenken-an-chiara-lubichesamerica-latina-recuerda-a-chiarapta-america-latina-recorda-chiarazh%e5%8d%97%e7%be%8e%e6%b4%b2\/"},"modified":"2024-05-13T21:01:22","modified_gmt":"2024-05-13T19:01:22","slug":"itlamerica-latina-ricorda-chiaradelateinamerika-im-gedenken-an-chiara-lubichesamerica-latina-recuerda-a-chiarapta-america-latina-recorda-chiarazh%e5%8d%97%e7%be%8e%e6%b4%b2","status":"publish","type":"post","link":"https:\/\/www.focolare.org\/fr\/itlamerica-latina-ricorda-chiaradelateinamerika-im-gedenken-an-chiara-lubichesamerica-latina-recuerda-a-chiarapta-america-latina-recorda-chiarazh%e5%8d%97%e7%be%8e%e6%b4%b2\/","title":{"rendered":"[:it]L\u2019America Latina ricorda Chiara[:de]Lateinamerika im Gedenken an Chiara Lubich[:es]Am\u00e9rica Latina recuerda a Chiara[:pt]A Am\u00e9rica Latina recorda Chiara[:zh]\u5357\u7f8e\u6d32\u7d00\u5ff5\u76e7\u5609\u52d2\u7684\u6d3b\u52d5"},"content":{"rendered":"<\/p>\n","protected":false},"excerpt":{"rendered":"<p>Mujer del di\u00e1logo, de la fraternidad, de la paz, del arte. Son muchos los aspectos del Carisma de Chiara que los pa\u00edses de Latinoam\u00e9rica han subrayado con ocasi\u00f3n del tercer aniversario de su fallecimiento. Seguidamente, las primeras noticias que han llegado a nuestra redacci\u00f3n web.<\/p>\n","protected":false},"author":34,"featured_media":0,"comment_status":"open","ping_status":"open","sticky":false,"template":"","format":"standard","meta":{"give_campaign_id":0,"_seopress_robots_primary_cat":"","_seopress_titles_title":"","_seopress_titles_desc":"","_seopress_robots_index":"","_et_pb_use_builder":"","_et_pb_old_content":"","_et_gb_content_width":"","footnotes":""},"categories":[906],"tags":[],"class_list":["post-297886","post","type-post","status-publish","format-standard","hentry","category-focolare-worldwide-2-3"],"_links":{"self":[{"href":"https:\/\/www.focolare.org\/fr\/wp-json\/wp\/v2\/posts\/297886","targetHints":{"allow":["GET"]}}],"collection":[{"href":"https:\/\/www.focolare.org\/fr\/wp-json\/wp\/v2\/posts"}],"about":[{"href":"https:\/\/www.focolare.org\/fr\/wp-json\/wp\/v2\/types\/post"}],"author":[{"embeddable":true,"href":"https:\/\/www.focolare.org\/fr\/wp-json\/wp\/v2\/users\/34"}],"replies":[{"embeddable":true,"href":"https:\/\/www.focolare.org\/fr\/wp-json\/wp\/v2\/comments?post=297886"}],"version-history":[{"count":0,"href":"https:\/\/www.focolare.org\/fr\/wp-json\/wp\/v2\/posts\/297886\/revisions"}],"wp:attachment":[{"href":"https:\/\/www.focolare.org\/fr\/wp-json\/wp\/v2\/media?parent=297886"}],"wp:term":[{"taxonomy":"category","embeddable":true,"href":"https:\/\/www.focolare.org\/fr\/wp-json\/wp\/v2\/categories?post=297886"},{"taxonomy":"post_tag","embeddable":true,"href":"https:\/\/www.focolare.org\/fr\/wp-json\/wp\/v2\/tags?post=297886"}],"curies":[{"name":"wp","href":"https:\/\/api.w.org\/{rel}","templated":true}]}}