{"id":297946,"date":"2011-03-28T08:27:25","date_gmt":"2011-03-28T06:27:25","guid":{"rendered":"https:\/\/www.focolare.org\/rassemblement-des-jeunes-pour-un-monde-uni\/"},"modified":"2024-05-13T21:01:30","modified_gmt":"2024-05-13T19:01:30","slug":"rassemblement-des-jeunes-pour-un-monde-uni","status":"publish","type":"post","link":"https:\/\/www.focolare.org\/fr\/rassemblement-des-jeunes-pour-un-monde-uni\/","title":{"rendered":"Rassemblement des Jeunes Pour un Monde Uni"},"content":{"rendered":"<p><img alt=\"\" alt=\"\" loading=\"lazy\" decoding=\"async\" class=\"alignright size-200x200 wp-image-30171\" style=\"border: 1px solid black;margin: 5px\" src=\"https:\/\/www.focolare.org\/wp-content\/uploads\/2011\/03\/20110328-a-200x128.jpg\" alt=\"\" width=\"200\" height=\"128\" \/>  <strong>Le rendez-vous annuel des Jeunes Pour un Monde Uni (JPMU) \u00e0 leur Rassemblement international est tr\u00e8s attendu. <\/strong>Quelques-uns d\u2019entre eux se sont r\u00e9unis \u00e0 Loppiano, cit\u00e9-pilote internationale du Mouvement proche de Florence, pour en \u00e9laborer ensemble le contenu.  <strong>La pr\u00e9paration a d\u00e9j\u00e0 commenc\u00e9 en d\u00e9cembre 2010, <\/strong>avec les JPMU de plusieurs pays du monde, par des contacts via Internet et des messages sur les <em>ateliers sociaux<\/em>, dans un \u00e9change nourri de propositions, pour que le Rassemblement soit le fruit d\u2019une communion de vie et de sensibilit\u00e9s diverses.  <strong>\u00ab\u00a0Make visible change\u00a0\u00bb. Le th\u00e8me central se d\u00e9clinera en trois parties\u00a0: <\/strong>\u00ab\u00a0acteurs aujourd\u2019hui d\u2019une culture de fraternit\u00e9 et de paix\u00a0\u00bb, \u00ab\u00a0\u00e0 la recherche de relations authentiques\u00a0\u00bb, et \u00ab\u00a0construire des ponts\u2026\u00a0\u00bb, apr\u00e8s avoir explor\u00e9 l\u2019an dernier les nombreux chemins pour un monde uni.  <strong>Le 29 avril, en direct sur Internet, <\/strong>s\u2019ouvrira la quatorzi\u00e8me \u00e9dition de la \u00ab\u00a0Semaine Monde Uni\u00a0\u00bb, au cours de laquelle sera lanc\u00e9 le Genfest 2012, avec un \u00e9ventail d\u2019initiatives pour concr\u00e9tiser dans la vie quotidienne l\u2019engagement des jeunes pour la fraternit\u00e9. Un message de Chiara Lubich unira en un seul c\u0153ur des jeunes de toutes les latitudes.  Le Rassemblement se c<strong>onclura le 1<sup>er<\/sup> mai avec la participation des JPMU \u00e0 la b\u00e9atification de Jean-Paul II<\/strong> (<a href=\"http:\/\/www.karol-wojtyla.org\/\">http:\/\/www.karol-wojtyla.org\/<\/a>).  Pour info et inscriptions\u00a0: <a href=\"mailto:sgmu@focolare.org\">sgmu@focolare.org<\/a><\/p>\n","protected":false},"excerpt":{"rendered":"<p>\u00ab Make visible change \u00bb (Rendre visible le changement) : 3 jours de dialogue, ateliers, \u00e9change de projets, exposition d\u2019activit\u00e9s et forum. Visite de Rome et possibilit\u00e9 d\u2019assister \u00e0 la b\u00e9atification de Jean-Paul II. Du 28 avril au 1er mai.<\/p>\n","protected":false},"author":34,"featured_media":0,"comment_status":"open","ping_status":"open","sticky":false,"template":"","format":"standard","meta":{"give_campaign_id":0,"_seopress_robots_primary_cat":"","_seopress_titles_title":"","_seopress_titles_desc":"","_seopress_robots_index":"","_et_pb_use_builder":"","_et_pb_old_content":"","_et_gb_content_width":"","footnotes":""},"categories":[47],"tags":[],"class_list":["post-297946","post","type-post","status-publish","format-standard","hentry","category-non-classifiee"],"_links":{"self":[{"href":"https:\/\/www.focolare.org\/fr\/wp-json\/wp\/v2\/posts\/297946","targetHints":{"allow":["GET"]}}],"collection":[{"href":"https:\/\/www.focolare.org\/fr\/wp-json\/wp\/v2\/posts"}],"about":[{"href":"https:\/\/www.focolare.org\/fr\/wp-json\/wp\/v2\/types\/post"}],"author":[{"embeddable":true,"href":"https:\/\/www.focolare.org\/fr\/wp-json\/wp\/v2\/users\/34"}],"replies":[{"embeddable":true,"href":"https:\/\/www.focolare.org\/fr\/wp-json\/wp\/v2\/comments?post=297946"}],"version-history":[{"count":0,"href":"https:\/\/www.focolare.org\/fr\/wp-json\/wp\/v2\/posts\/297946\/revisions"}],"wp:attachment":[{"href":"https:\/\/www.focolare.org\/fr\/wp-json\/wp\/v2\/media?parent=297946"}],"wp:term":[{"taxonomy":"category","embeddable":true,"href":"https:\/\/www.focolare.org\/fr\/wp-json\/wp\/v2\/categories?post=297946"},{"taxonomy":"post_tag","embeddable":true,"href":"https:\/\/www.focolare.org\/fr\/wp-json\/wp\/v2\/tags?post=297946"}],"curies":[{"name":"wp","href":"https:\/\/api.w.org\/{rel}","templated":true}]}}