{"id":297948,"date":"2011-03-29T05:00:38","date_gmt":"2011-03-29T03:00:38","guid":{"rendered":"https:\/\/www.focolare.org\/itamazzonia-scuola-di-formazione-politica-per-i-giovanienamazonia-school-of-formation-for-young-workers-in-politicsdepolitische-bildung-fur-jugendliche-am-amazonasesamazonas-escuela-de\/"},"modified":"2024-05-13T21:01:31","modified_gmt":"2024-05-13T19:01:31","slug":"itamazzonia-scuola-di-formazione-politica-per-i-giovanienamazonia-school-of-formation-for-young-workers-in-politicsdepolitische-bildung-fur-jugendliche-am-amazonasesamazonas-escuela-de","status":"publish","type":"post","link":"https:\/\/www.focolare.org\/fr\/itamazzonia-scuola-di-formazione-politica-per-i-giovanienamazonia-school-of-formation-for-young-workers-in-politicsdepolitische-bildung-fur-jugendliche-am-amazonasesamazonas-escuela-de\/","title":{"rendered":"[:it]Amazzonia: scuola di formazione politica per i giovani[:en]Amazonia: School of formation for young workers in politics[:de]Politische Bildung f\u00fcr Jugendliche am Amazonas[:es]Amazonas: escuela de formaci\u00f3n pol\u00edtica para j\u00f3venes[:pt]Amaz\u00f4nia: escola de forma\u00e7\u00e3o pol\u00edtica para jovens[:zh]\u4e9e\u99ac\u905c\uff1a\u70ba\u9752\u5e74\u8209\u884c\u7684\u653f\u6cbb\u57f9\u8a13\u73ed"},"content":{"rendered":"<\/p>\n","protected":false},"excerpt":{"rendered":"<p>Inicia, en Manaus, el segundo ciclo de la Escola Civita, una de las 11 presentes en Brasil. Un original camino formativo de dos a\u00f1os, promovido por el Movimiento Pol\u00edtico por la Unidad (Mppu).<\/p>\n","protected":false},"author":34,"featured_media":0,"comment_status":"open","ping_status":"open","sticky":false,"template":"","format":"standard","meta":{"give_campaign_id":0,"_seopress_robots_primary_cat":"","_seopress_titles_title":"","_seopress_titles_desc":"","_seopress_robots_index":"","_et_pb_use_builder":"","_et_pb_old_content":"","_et_gb_content_width":"","footnotes":""},"categories":[906],"tags":[],"class_list":["post-297948","post","type-post","status-publish","format-standard","hentry","category-focolare-worldwide-2-3"],"_links":{"self":[{"href":"https:\/\/www.focolare.org\/fr\/wp-json\/wp\/v2\/posts\/297948","targetHints":{"allow":["GET"]}}],"collection":[{"href":"https:\/\/www.focolare.org\/fr\/wp-json\/wp\/v2\/posts"}],"about":[{"href":"https:\/\/www.focolare.org\/fr\/wp-json\/wp\/v2\/types\/post"}],"author":[{"embeddable":true,"href":"https:\/\/www.focolare.org\/fr\/wp-json\/wp\/v2\/users\/34"}],"replies":[{"embeddable":true,"href":"https:\/\/www.focolare.org\/fr\/wp-json\/wp\/v2\/comments?post=297948"}],"version-history":[{"count":0,"href":"https:\/\/www.focolare.org\/fr\/wp-json\/wp\/v2\/posts\/297948\/revisions"}],"wp:attachment":[{"href":"https:\/\/www.focolare.org\/fr\/wp-json\/wp\/v2\/media?parent=297948"}],"wp:term":[{"taxonomy":"category","embeddable":true,"href":"https:\/\/www.focolare.org\/fr\/wp-json\/wp\/v2\/categories?post=297948"},{"taxonomy":"post_tag","embeddable":true,"href":"https:\/\/www.focolare.org\/fr\/wp-json\/wp\/v2\/tags?post=297948"}],"curies":[{"name":"wp","href":"https:\/\/api.w.org\/{rel}","templated":true}]}}