{"id":297950,"date":"2011-03-30T13:29:51","date_gmt":"2011-03-30T11:29:51","guid":{"rendered":"https:\/\/www.focolare.org\/ititalia-2-un-popolo-nato-dal-vangeloenitaly-2-a-people-born-from-the-gospeldeitalien-2-erinnert-an-chiara-lubichesitalia-2-un-pueblo-nacido-del-evangelioptitalia-2-um-povo-que-nasc\/"},"modified":"2024-05-13T21:01:31","modified_gmt":"2024-05-13T19:01:31","slug":"ititalia-2-un-popolo-nato-dal-vangeloenitaly-2-a-people-born-from-the-gospeldeitalien-2-erinnert-an-chiara-lubichesitalia-2-un-pueblo-nacido-del-evangelioptitalia-2-um-povo-que-nasc","status":"publish","type":"post","link":"https:\/\/www.focolare.org\/fr\/ititalia-2-un-popolo-nato-dal-vangeloenitaly-2-a-people-born-from-the-gospeldeitalien-2-erinnert-an-chiara-lubichesitalia-2-un-pueblo-nacido-del-evangelioptitalia-2-um-povo-que-nasc\/","title":{"rendered":"[:it]Italia\/2. Un popolo nato dal Vangelo[:en]Italy\/2: A people born from the Gospel[:de]Italien\/2 erinnert an Chiara Lubich[:es]Italia\/2. Un pueblo nacido del Evangelio[:pt]It\u00e1lia\/2. Um povo que nasceu do Evangelho[:zh]\u7531\u798f\u97f3\u5b55\u80b2\u7684\u6c11\u65cf\uff08\u610f\u5927\u5229\u4e8c\uff09"},"content":{"rendered":"<\/p>\n","protected":false},"excerpt":{"rendered":"<p>El 14 de marzo, una fiesta que ha unido el pa\u00eds en el tercer aniversario desde que Chiara Lubich nos dej\u00f3. Una estela de luz que contin\u00faa iluminando el coraz\u00f3n de muchos.<\/p>\n","protected":false},"author":27,"featured_media":0,"comment_status":"open","ping_status":"open","sticky":false,"template":"","format":"standard","meta":{"give_campaign_id":0,"_seopress_robots_primary_cat":"","_seopress_titles_title":"","_seopress_titles_desc":"","_seopress_robots_index":"","_et_pb_use_builder":"","_et_pb_old_content":"","_et_gb_content_width":"","footnotes":""},"categories":[906],"tags":[],"class_list":["post-297950","post","type-post","status-publish","format-standard","hentry","category-focolare-worldwide-2-3"],"_links":{"self":[{"href":"https:\/\/www.focolare.org\/fr\/wp-json\/wp\/v2\/posts\/297950","targetHints":{"allow":["GET"]}}],"collection":[{"href":"https:\/\/www.focolare.org\/fr\/wp-json\/wp\/v2\/posts"}],"about":[{"href":"https:\/\/www.focolare.org\/fr\/wp-json\/wp\/v2\/types\/post"}],"author":[{"embeddable":true,"href":"https:\/\/www.focolare.org\/fr\/wp-json\/wp\/v2\/users\/27"}],"replies":[{"embeddable":true,"href":"https:\/\/www.focolare.org\/fr\/wp-json\/wp\/v2\/comments?post=297950"}],"version-history":[{"count":0,"href":"https:\/\/www.focolare.org\/fr\/wp-json\/wp\/v2\/posts\/297950\/revisions"}],"wp:attachment":[{"href":"https:\/\/www.focolare.org\/fr\/wp-json\/wp\/v2\/media?parent=297950"}],"wp:term":[{"taxonomy":"category","embeddable":true,"href":"https:\/\/www.focolare.org\/fr\/wp-json\/wp\/v2\/categories?post=297950"},{"taxonomy":"post_tag","embeddable":true,"href":"https:\/\/www.focolare.org\/fr\/wp-json\/wp\/v2\/tags?post=297950"}],"curies":[{"name":"wp","href":"https:\/\/api.w.org\/{rel}","templated":true}]}}