{"id":297986,"date":"2011-04-05T14:00:27","date_gmt":"2011-04-05T12:00:27","guid":{"rendered":"https:\/\/www.focolare.org\/itsportmeet-per-uno-sport-capace-di-muovere-le-persone-e-le-ideeensportmeet-moving-people-and-ideasdesportmeet-fur-einen-sport-der-menschen-und-ideen-in-bewegung-setztessportmeet-por\/"},"modified":"2024-05-13T21:01:35","modified_gmt":"2024-05-13T19:01:35","slug":"itsportmeet-per-uno-sport-capace-di-muovere-le-persone-e-le-ideeensportmeet-moving-people-and-ideasdesportmeet-fur-einen-sport-der-menschen-und-ideen-in-bewegung-setztessportmeet-por","status":"publish","type":"post","link":"https:\/\/www.focolare.org\/fr\/itsportmeet-per-uno-sport-capace-di-muovere-le-persone-e-le-ideeensportmeet-moving-people-and-ideasdesportmeet-fur-einen-sport-der-menschen-und-ideen-in-bewegung-setztessportmeet-por\/","title":{"rendered":"[:it]Sportmeet: per uno sport capace di muovere le persone e le idee[:en]Sportmeet: moving people and ideas[:de]Sportmeet: f\u00fcr einen Sport, der Menschen und Ideen in Bewegung setzt[:es]Sportmeet: por un deporte capaz de mover personas e ideas[:pt]Sportmeet: por um esporte capaz de mover as pessoas e as ideias[:zh]\u300e\u904b\u52d5\u4ea4\u532f\u300f\uff08Sportmeet\uff09\uff1a\u80fd\u63a8\u52d5\u4eba\u5011\u8207\u601d\u60f3\u7684\u9ad4\u80b2\u904b\u52d5"},"content":{"rendered":"<\/p>\n","protected":false},"excerpt":{"rendered":"<p>Sport moves people, moves ideas es el t\u00edtulo del congreso internacional, que tendr\u00e1 lugar en Castelgandolfo (RM) del 8 al 10 de abril, promovido por Sportmeet, red internacional de deportistas, expresi\u00f3n de Movimiento de los Focolares, en colaboraci\u00f3n con AMU y New Humanity.<\/p>\n","protected":false},"author":34,"featured_media":0,"comment_status":"open","ping_status":"open","sticky":false,"template":"","format":"standard","meta":{"give_campaign_id":0,"_seopress_robots_primary_cat":"","_seopress_titles_title":"","_seopress_titles_desc":"","_seopress_robots_index":"","_et_pb_use_builder":"","_et_pb_old_content":"","_et_gb_content_width":"","footnotes":""},"categories":[47],"tags":[],"class_list":["post-297986","post","type-post","status-publish","format-standard","hentry","category-non-classifiee"],"_links":{"self":[{"href":"https:\/\/www.focolare.org\/fr\/wp-json\/wp\/v2\/posts\/297986","targetHints":{"allow":["GET"]}}],"collection":[{"href":"https:\/\/www.focolare.org\/fr\/wp-json\/wp\/v2\/posts"}],"about":[{"href":"https:\/\/www.focolare.org\/fr\/wp-json\/wp\/v2\/types\/post"}],"author":[{"embeddable":true,"href":"https:\/\/www.focolare.org\/fr\/wp-json\/wp\/v2\/users\/34"}],"replies":[{"embeddable":true,"href":"https:\/\/www.focolare.org\/fr\/wp-json\/wp\/v2\/comments?post=297986"}],"version-history":[{"count":0,"href":"https:\/\/www.focolare.org\/fr\/wp-json\/wp\/v2\/posts\/297986\/revisions"}],"wp:attachment":[{"href":"https:\/\/www.focolare.org\/fr\/wp-json\/wp\/v2\/media?parent=297986"}],"wp:term":[{"taxonomy":"category","embeddable":true,"href":"https:\/\/www.focolare.org\/fr\/wp-json\/wp\/v2\/categories?post=297986"},{"taxonomy":"post_tag","embeddable":true,"href":"https:\/\/www.focolare.org\/fr\/wp-json\/wp\/v2\/tags?post=297986"}],"curies":[{"name":"wp","href":"https:\/\/api.w.org\/{rel}","templated":true}]}}