{"id":297994,"date":"2011-04-07T07:34:22","date_gmt":"2011-04-07T05:34:22","guid":{"rendered":"https:\/\/www.focolare.org\/itforti-senza-violenza-il-gen-rosso-in-germania-enstrong-without-violence-gen-rosso-in-germanydestark-ohne-gewalt-gen-rosso-in-deutschlandesfuertes-sin-violencia-el-gen-rosso-en-aleman\/"},"modified":"2024-05-13T21:01:37","modified_gmt":"2024-05-13T19:01:37","slug":"itforti-senza-violenza-il-gen-rosso-in-germania-enstrong-without-violence-gen-rosso-in-germanydestark-ohne-gewalt-gen-rosso-in-deutschlandesfuertes-sin-violencia-el-gen-rosso-en-aleman","status":"publish","type":"post","link":"https:\/\/www.focolare.org\/fr\/itforti-senza-violenza-il-gen-rosso-in-germania-enstrong-without-violence-gen-rosso-in-germanydestark-ohne-gewalt-gen-rosso-in-deutschlandesfuertes-sin-violencia-el-gen-rosso-en-aleman\/","title":{"rendered":"[:it]Forti senza violenza, il Gen Rosso in Germania [:en]Strong Without Violence- Gen Rosso in Germany[:de]Stark ohne Gewalt: Gen Rosso in Deutschland[:es]Fuertes sin violencia, el Gen Rosso en Alemania [:pt]Fortes sem viol\u00eancia, o Gen Rosso na Alemanha"},"content":{"rendered":"<\/p>\n","protected":false},"excerpt":{"rendered":"<p>Se est\u00e1 llevando a cabo una gira centroeuropea llena de citas para el grupo musical: espect\u00e1culos, workshop y el original proyecto, Fuertes sin violencia, que ya implica escuelas medias y superiores de algunos pa\u00edses.<\/p>\n","protected":false},"author":34,"featured_media":0,"comment_status":"open","ping_status":"open","sticky":false,"template":"","format":"standard","meta":{"give_campaign_id":0,"_seopress_robots_primary_cat":"","_seopress_titles_title":"","_seopress_titles_desc":"","_seopress_robots_index":"","_et_pb_use_builder":"","_et_pb_old_content":"","_et_gb_content_width":"","footnotes":""},"categories":[906],"tags":[],"class_list":["post-297994","post","type-post","status-publish","format-standard","hentry","category-focolare-worldwide-2-3"],"_links":{"self":[{"href":"https:\/\/www.focolare.org\/fr\/wp-json\/wp\/v2\/posts\/297994","targetHints":{"allow":["GET"]}}],"collection":[{"href":"https:\/\/www.focolare.org\/fr\/wp-json\/wp\/v2\/posts"}],"about":[{"href":"https:\/\/www.focolare.org\/fr\/wp-json\/wp\/v2\/types\/post"}],"author":[{"embeddable":true,"href":"https:\/\/www.focolare.org\/fr\/wp-json\/wp\/v2\/users\/34"}],"replies":[{"embeddable":true,"href":"https:\/\/www.focolare.org\/fr\/wp-json\/wp\/v2\/comments?post=297994"}],"version-history":[{"count":0,"href":"https:\/\/www.focolare.org\/fr\/wp-json\/wp\/v2\/posts\/297994\/revisions"}],"wp:attachment":[{"href":"https:\/\/www.focolare.org\/fr\/wp-json\/wp\/v2\/media?parent=297994"}],"wp:term":[{"taxonomy":"category","embeddable":true,"href":"https:\/\/www.focolare.org\/fr\/wp-json\/wp\/v2\/categories?post=297994"},{"taxonomy":"post_tag","embeddable":true,"href":"https:\/\/www.focolare.org\/fr\/wp-json\/wp\/v2\/tags?post=297994"}],"curies":[{"name":"wp","href":"https:\/\/api.w.org\/{rel}","templated":true}]}}