{"id":298076,"date":"2011-04-28T09:24:50","date_gmt":"2011-04-28T07:24:50","guid":{"rendered":"https:\/\/www.focolare.org\/itsettimana-mondo-unito-2011enunited-world-week-2011dewoche-der-geeinten-welt-2011essemana-mundo-unido-2011ptsemana-mundo-unido-2011zh2011%e5%b9%b4%e5%ba%a6%e3%80%8e%e5%90%88\/"},"modified":"2024-05-13T21:01:59","modified_gmt":"2024-05-13T19:01:59","slug":"itsettimana-mondo-unito-2011enunited-world-week-2011dewoche-der-geeinten-welt-2011essemana-mundo-unido-2011ptsemana-mundo-unido-2011zh2011%e5%b9%b4%e5%ba%a6%e3%80%8e%e5%90%88","status":"publish","type":"post","link":"https:\/\/www.focolare.org\/fr\/itsettimana-mondo-unito-2011enunited-world-week-2011dewoche-der-geeinten-welt-2011essemana-mundo-unido-2011ptsemana-mundo-unido-2011zh2011%e5%b9%b4%e5%ba%a6%e3%80%8e%e5%90%88\/","title":{"rendered":"[:it]Settimana Mondo Unito 2011[:en]United World Week 2011[:de]Woche der geeinten Welt 2011[:es]Semana Mundo Unido 2011[:pt]Semana Mundo Unido 2011[:zh]2011\u5e74\u5ea6\u300e\u5408\u4e00\u4e16\u754c\u5468\u300f"},"content":{"rendered":"<\/p>\n","protected":false},"excerpt":{"rendered":"<p>Arranca el 29 de abril con una transmisi\u00f3n en directo en http:\/\/live.focolare.org\/smu\/,a partir de las 9.00 p.m. hora italiana. El 30 de abril vigilia en el Circo M\u00e1ximo y participaci\u00f3n en la Beatificaci\u00f3n de Juan Pablo II. Conclusi\u00f3n en Sasello, la ciudad de Chiara Luce, el 8 de mayo.<\/p>\n","protected":false},"author":34,"featured_media":0,"comment_status":"open","ping_status":"open","sticky":false,"template":"","format":"standard","meta":{"give_campaign_id":0,"_seopress_robots_primary_cat":"","_seopress_titles_title":"","_seopress_titles_desc":"","_seopress_robots_index":"","_et_pb_use_builder":"","_et_pb_old_content":"","_et_gb_content_width":"","footnotes":""},"categories":[47],"tags":[],"class_list":["post-298076","post","type-post","status-publish","format-standard","hentry","category-non-classifiee"],"_links":{"self":[{"href":"https:\/\/www.focolare.org\/fr\/wp-json\/wp\/v2\/posts\/298076","targetHints":{"allow":["GET"]}}],"collection":[{"href":"https:\/\/www.focolare.org\/fr\/wp-json\/wp\/v2\/posts"}],"about":[{"href":"https:\/\/www.focolare.org\/fr\/wp-json\/wp\/v2\/types\/post"}],"author":[{"embeddable":true,"href":"https:\/\/www.focolare.org\/fr\/wp-json\/wp\/v2\/users\/34"}],"replies":[{"embeddable":true,"href":"https:\/\/www.focolare.org\/fr\/wp-json\/wp\/v2\/comments?post=298076"}],"version-history":[{"count":0,"href":"https:\/\/www.focolare.org\/fr\/wp-json\/wp\/v2\/posts\/298076\/revisions"}],"wp:attachment":[{"href":"https:\/\/www.focolare.org\/fr\/wp-json\/wp\/v2\/media?parent=298076"}],"wp:term":[{"taxonomy":"category","embeddable":true,"href":"https:\/\/www.focolare.org\/fr\/wp-json\/wp\/v2\/categories?post=298076"},{"taxonomy":"post_tag","embeddable":true,"href":"https:\/\/www.focolare.org\/fr\/wp-json\/wp\/v2\/tags?post=298076"}],"curies":[{"name":"wp","href":"https:\/\/api.w.org\/{rel}","templated":true}]}}