{"id":298182,"date":"2011-05-23T07:00:13","date_gmt":"2011-05-23T05:00:13","guid":{"rendered":"https:\/\/www.focolare.org\/aux-700-de-la-republique-tcheque-nous-sommes-au-temps-de-la-joie\/"},"modified":"2024-05-13T21:02:23","modified_gmt":"2024-05-13T19:02:23","slug":"aux-700-de-la-republique-tcheque-nous-sommes-au-temps-de-la-joie","status":"publish","type":"post","link":"https:\/\/www.focolare.org\/fr\/aux-700-de-la-republique-tcheque-nous-sommes-au-temps-de-la-joie\/","title":{"rendered":"Aux 700 de la R\u00e9publique Tch\u00e8que: nous sommes au temps de la joie"},"content":{"rendered":"<p><img loading=\"lazy\" decoding=\"async\" class=\"ngg-singlepic ngg-none alignleft\" style=\"margin-right: 10px;border: 0pt\" src=\"https:\/\/www.focolare.org\/wp-content\/blogs.dir\/1\/files\/viaggio-europa-orientale-repubblica-ceca_02\/20110523-11.jpg\" alt=\"20110523-11\" width=\"269\" height=\"179\" \/>  L\u2019<strong><span style=\"text-decoration: underline\">histoire<\/span><\/strong> du Mouvement des focolari en terre tch\u00e8que a bien souvent la marque de l\u2019h\u00e9ro\u00efsme. L\u2019Id\u00e9al de l\u2019unit\u00e9 arrive, en Tch\u00e9coslovaquie de l\u2019\u00e9poque dans les ann\u00e9es 60 alors que le communisme sovi\u00e9tique est au pouvoir. De 1968, ann\u00e9e du Printemps de Prague \u00e9touff\u00e9 par l\u2019occupation arm\u00e9e et \u00e0 partir duquel le communisme devint encore plus oppressif, \u00e0 novembre 1989, quand le r\u00e9gime prit fin, l\u2019histoire du peuple tch\u00e8que est jalonn\u00e9 de grandes souffrances. Mais entre clandestinit\u00e9 et pers\u00e9cutions beaucoup sont amen\u00e9s \u00e0 conna\u00eetre le Mouvement. Et aujourd\u2019hui, ils sont plus de 700 \u00e0 \u00eatre venus de tout le pays pour rencontrer la pr\u00e9sidente des Focolari dans la Maison de la Culture de \u2018Prague 5\u2019, un des dix arrondissements de la ville.  <img loading=\"lazy\" decoding=\"async\" class=\"ngg-singlepic ngg-right alignright\" style=\"margin-left: 10px;border: 0pt\" src=\"https:\/\/www.focolare.org\/wp-content\/blogs.dir\/1\/files\/viaggio-europa-orientale-repubblica-ceca_02\/20110523-07.jpg\" alt=\"20110523-07\" width=\"269\" height=\"179\" \/>  <strong>L\u2019atmosph\u00e8re est \u00e0 l\u2019\u00e9motion, la joie, l\u2019attente: <\/strong>c\u2019est la f\u00eate de la \u201cfamille\u201d qui raconte et qui fait des projets. Les questions pour Maria Voce et Giancarlo Faletti sont nombreuses. Une <strong><span style=\"text-decoration: underline\">gen 4<\/span><\/strong> demande: <em>\u201cDe quoi r\u00eavais-tu quand tu \u00e9tais petite?\u201d<\/em>; et quelques <strong><span style=\"text-decoration: underline\">gen 3<\/span><\/strong>: <em>\u201cComment as-tu connu Dieu? Que ferais-tu si tu rencontrais une famille pauvre? Pourquoi Dieu n\u2019est pas intervenu quand \u00a0Hitler a fait mourir tant de gens?\u201d<\/em>. De m\u00eame les adultes\u00a0: sur le motif des voyages de la pr\u00e9sidente, sur comment poursuivre l\u2019engagement de certains d\u2019entre eux pour la \u00ab\u00a0reconstruction\u00a0\u00bb du pays, sur la vie des communaut\u00e9s du Mouvement, sur le risque de l\u2019activisme.  <em>\u00ab\u00a0<strong><span style=\"text-decoration: underline\">Voyager<\/span><\/strong> c\u2019est rendre visite \u00e0 ma famille, et c\u2019est une grande joie pour moi. Je le fais pour la soutenir, l\u2019encourager, comprendre ce qu\u2019elle fait\u201d<\/em>, raconte Maria Voce. Et \u00e7a n\u2019a pas d\u2019importance qu\u2019il s\u2019agisse de grandes ou petites choses. <em>\u201cDurant mon r\u00e9cent <strong><span style=\"text-decoration: underline\">voyage en Am\u00e9rique du Nord<\/span><\/strong> <\/em>\u2013 continue la pr\u00e9sidente \u2013 <em>l\u00e0<\/em> <em>o\u00f9 tout est \u00e9norme et \u00e0 cot\u00e9 notre communaut\u00e9 semble si petite, j\u2019ai compris que J\u00e9sus, pr\u00e9sent entre les personnes qui s\u2019aiment, est une superpuissance\u201d<\/em>. Il s\u2019agit donc de croire, m\u00eame en terre tch\u00e8que, \u00e0 cette puissance pour <em>\u201caller dans toute la nation. Non seulement nous pouvons avec cet Id\u00e9al, mais nous devons porter dans le monde l\u2019annonce de la r\u00e9surrection, porter J\u00e9sus avec nous \u00e0 l\u2019\u00e9cole, \u00e0 l\u2019usine, au parlement. <\/em><em>C\u2019est la plus grande chose que nous puissions faire\u201d.<\/em>  <img loading=\"lazy\" decoding=\"async\" class=\"ngg-singlepic ngg-none alignleft\" style=\"margin-right: 10px;border: 0pt\" src=\"https:\/\/www.focolare.org\/wp-content\/blogs.dir\/1\/files\/viaggio-europa-orientale-repubblica-ceca_02\/20110523-06.jpg\" alt=\"20110523-06\" width=\"269\" height=\"179\" \/>  <strong>Dans l\u2019apr\u00e8s-midi de ce m\u00eame 21 mai, la rencontre s\u2019ouvre aussi \u00e0 ceux qui veulent mieux conna\u00eetre la \u201cr\u00e9volution\u201d focolarine. <\/strong>T\u00e9moignages de vie et initiatives parlent d\u2019une vie qui concerne tout le monde quelque soit l\u2019\u00e2ge. On fait le point sur l\u2019action \u201cPrague d\u2019or\u201d lanc\u00e9e par Chiara Lubich durant sa visite en 2001. L\u2019engagement pour r\u00e9-\u00e9vang\u00e9liser Prague et lui redonner une \u00e2me n\u2019a pas manqu\u00e9 et les fruits non plus. Maria Voce propose un nouveau pas: <em>\u00ab\u00a0En arrivant l\u00e0 on respire l\u2019histoire et la spiritualit\u00e9 qui, m\u00eame durant les ann\u00e9es noires, n\u2019a pas \u00e9t\u00e9 d\u00e9truite mais recouverte et peut-\u00eatre prot\u00e9g\u00e9e. Ici, on ne repart pas de z\u00e9ro, on repart de la racine profonde de ceux qui ont construit cette civilisation, cette culture. A pr\u00e9sent, le pas que nous devons faire est celui de la nouvelle \u00e9vang\u00e9lisation, de la nouvelle annonce faite par des personnes renouvel\u00e9es par l\u2019amour r\u00e9ciproque. Annoncer aux autres que J\u00e9sus est ressuscit\u00e9, que toutes les souffrances ont \u00e9t\u00e9 rachet\u00e9es\u00a0: ce doit \u00eatre notre engagement\u00a0: nous sommes au temps de la joie\u00a0\u00bb<\/em>. Les pages d\u2019une nouvelle histoire attendent d\u2019\u00eatre \u00e9crites.  <img loading=\"lazy\" decoding=\"async\" class=\"ngg-singlepic ngg-left alignright\" style=\"margin-right: 10px;border: 0pt\" src=\"https:\/\/www.focolare.org\/wp-content\/blogs.dir\/1\/files\/viaggio-europa-orientale-repubblica-ceca_02\/20110523-04.jpg\" alt=\"20110523-04\" width=\"269\" height=\"179\" \/>  <strong>Mgr Frantisek Radkovsk\u00fd, d\u00e9l\u00e9gu\u00e9 de la conf\u00e9rence \u00e9piscopale tch\u00e8que pour les la\u00efcs,<\/strong> le confirme: <em>\u201cL\u2019Eglise a de grandes attentes de la part des mouvements<\/em> \u2013 affirme-t-il dans son intervention \u2013 <em>parce que ceux-ci constituent sa partie la plus dynamique et sont don de l\u2019Esprit Saint pour notre temps. Notre soci\u00e9t\u00e9 est s\u00e9cularis\u00e9e, mais \u00e0 pr\u00e9sent il y a une ouverture pour les choses spirituelles et c\u2019est important de montrer par la vie que le christianisme peut apporter le vrai humanisme. Les mouvements ont la capacit\u00e9 de rejoindre tout le monde et les plus vari\u00e9s domaines d\u2019action leur sont ouverts, de la famille \u00e0 l\u2019\u00e9cole, de la politique \u00e0 l\u2019\u00e9conomie, des m\u00e9dia au sport\u201d.<\/em>  <strong>Alors que la rencontre tire \u00e0 sa fin, le quatuor,<\/strong> qui a ex\u00e9cut\u00e9 des morceaux musicaux de haut niveau durant la journ\u00e9e, se met \u00e0 jouer \u201cMission impossible\u201d. Cela force \u00e0 penser que ce qui est impossible aux hommes est possible \u00e0 Dieu.  <em>De notre envoy\u00e9e Aurora Nicosia<\/em>  <em> <\/em><em>[nggallery id=42]<\/em>  <em> <\/em><\/p>\n","protected":false},"excerpt":{"rendered":"<p>La rencontre avec les membres du Mouvement, l\u2019apr\u00e8s-midi consacr\u00e9 aux dix ans du lancement de l\u2019action pour la ville appel\u00e9e \u201cPrague d\u2019or\u00a0\u00bb : poursuivons les rendez-vous de la pr\u00e9sidente des Focolari en terre tch\u00e8que.<\/p>\n","protected":false},"author":34,"featured_media":0,"comment_status":"open","ping_status":"open","sticky":false,"template":"","format":"standard","meta":{"give_campaign_id":0,"_seopress_robots_primary_cat":"","_seopress_titles_title":"","_seopress_titles_desc":"","_seopress_robots_index":"","_et_pb_use_builder":"","_et_pb_old_content":"","_et_gb_content_width":"","footnotes":""},"categories":[906],"tags":[],"class_list":["post-298182","post","type-post","status-publish","format-standard","hentry","category-focolare-worldwide-2-3"],"_links":{"self":[{"href":"https:\/\/www.focolare.org\/fr\/wp-json\/wp\/v2\/posts\/298182","targetHints":{"allow":["GET"]}}],"collection":[{"href":"https:\/\/www.focolare.org\/fr\/wp-json\/wp\/v2\/posts"}],"about":[{"href":"https:\/\/www.focolare.org\/fr\/wp-json\/wp\/v2\/types\/post"}],"author":[{"embeddable":true,"href":"https:\/\/www.focolare.org\/fr\/wp-json\/wp\/v2\/users\/34"}],"replies":[{"embeddable":true,"href":"https:\/\/www.focolare.org\/fr\/wp-json\/wp\/v2\/comments?post=298182"}],"version-history":[{"count":0,"href":"https:\/\/www.focolare.org\/fr\/wp-json\/wp\/v2\/posts\/298182\/revisions"}],"wp:attachment":[{"href":"https:\/\/www.focolare.org\/fr\/wp-json\/wp\/v2\/media?parent=298182"}],"wp:term":[{"taxonomy":"category","embeddable":true,"href":"https:\/\/www.focolare.org\/fr\/wp-json\/wp\/v2\/categories?post=298182"},{"taxonomy":"post_tag","embeddable":true,"href":"https:\/\/www.focolare.org\/fr\/wp-json\/wp\/v2\/tags?post=298182"}],"curies":[{"name":"wp","href":"https:\/\/api.w.org\/{rel}","templated":true}]}}